{"id":5064,"date":"2025-05-04T13:33:10","date_gmt":"2025-05-04T13:33:10","guid":{"rendered":"https:\/\/reporte272.com\/portal\/?p=5064"},"modified":"2025-05-04T13:33:11","modified_gmt":"2025-05-04T13:33:11","slug":"julian-ramos-hernandez-recibe-respaldo-masivo-de-jorge-maynez-en-camerino-z-mendoza","status":"publish","type":"post","link":"https:\/\/reporte272.com\/portal\/julian-ramos-hernandez-recibe-respaldo-masivo-de-jorge-maynez-en-camerino-z-mendoza\/","title":{"rendered":"Juli\u00e1n Ramos Hern\u00e1ndez recibe respaldo masivo de Jorge M\u00e1ynez en Camerino Z. Mendoza"},"content":{"rendered":"\n<p class=\"wp-block-paragraph\">**El coordinador nacional de Movimiento Ciudadano encendi\u00f3 la esperanza de cambio y critic\u00f3 a los &#8220;gobiernos corruptos&#8221; del pasado<\/p>\n\n\n\n<p class=\"wp-block-paragraph\"><strong>Camerino Z. Mendoza, Ver.-<\/strong> En un mitin multitudinario cargado de simbolismo en la Plaza &#8220;Punto Santa Rosa&#8221;, el coordinador nacional de Movimiento Ciudadano (MC), Jorge \u00c1lvarez M\u00e1ynez, ratific\u00f3 su apoyo al candidato a la presidencia municipal por este partido, <strong>Juli\u00e1n Ramos Hern\u00e1ndez<\/strong>, ante cientos de simpatizantes que abarrotaron el lugar este 3 de mayo. Durante su discurso, M\u00e1ynez destac\u00f3 el compromiso de Ramos con el municipio y lo present\u00f3 como la alternativa para &#8220;terminar con la corrupci\u00f3n y la vieja pol\u00edtica&#8221; .<br>M\u00e1ynez record\u00f3 la grandeza de Veracruz durante la gesti\u00f3n de Dante Delgado, fundador de MC hace 30 a\u00f1os, cuando el estado era l\u00edder en desarrollo econ\u00f3mico y cultural. Sin embargo, lament\u00f3 que &#8220;una maldici\u00f3n llamada PRIAN y despu\u00e9s el gobierno de Cuitl\u00e1huac Garc\u00eda Jim\u00e9nez (Morena) hayan sumido a la entidad en corrupci\u00f3n y abandono: &#8220;Robaron, mintieron y traicionaron a Veracruz&#8221;, denunci\u00f3 .<br>El l\u00edder nacional asegur\u00f3 que MC representa la \u00fanica fuerza capaz de derrotar a los partidos tradicionales, destacando que las encuestas ya los ubican por encima del PRI, PAN y Morena en varias regiones. &#8220;La fuerza naranja no para de crecer porque est\u00e1 con la gente, no con guaruras ni lujos&#8221;, enfatiz\u00f3, en un claro mensaje contra los excesos de otros funcionarios .<br>En un emotivo momento, M\u00e1ynez elogi\u00f3 la trayectoria de Juli\u00e1n Ramos Hern\u00e1ndez, candidato a la alcald\u00eda de Camerino Z. Mendoza, destacando su labor altruista y cercan\u00eda con los vecinos durante sus recorridos por colonias como Hogar. &#8220;Juli\u00e1n trabajar\u00e1 con honestidad, como siempre lo ha hecho&#8221;, cit\u00f3 las palabras de una residente que respalda al aspirante .<br>El coordinador nacional tambi\u00e9n resalt\u00f3 el perfil humilde de Ramos: &#8220;Queremos gobiernos ciudadanos, no pol\u00edticos que estrenen ranchos o se les suba el poder a la cabeza&#8221;. Adem\u00e1s, prometi\u00f3 que con MC los recursos se destinar\u00e1n a escuelas, parques y apoyos directos, en lugar de &#8220;desviarse como antes&#8221; .<br>M\u00e1ynez record\u00f3 c\u00f3mo MC desafi\u00f3 los pron\u00f3sticos al confiar en los j\u00f3venes. &#8220;Nos dijeron que era un error, pero hoy son ellos quienes convencen a sus familias de que somos la alternativa&#8221;.<br>Agradeci\u00f3 especialmente a ni\u00f1os y j\u00f3venes, a quienes llam\u00f3 &#8220;el coraz\u00f3n del cambio&#8221;, y reiter\u00f3 que Veracruz cuna de MC, ser\u00e1 el punto de partida para una transformaci\u00f3n nacional .<br>El evento concluy\u00f3 con un llamado a votar el 1 de junio para &#8220;iniciar el verdadero cambio&#8221; y asegurar la victoria de Ramos Hern\u00e1ndez. &#8220;Camerino Z. Mendoza vibrar\u00e1 con la energ\u00eda naranja&#8221;, cerr\u00f3 M\u00e1ynez, entre consignas de &#8220;\u00a1Que viva Juli\u00e1n Ramos!&#8221; y &#8220;\u00a1Que viva Veracruz!\u201d.<\/p>\n","protected":false},"excerpt":{"rendered":"<p>**El coordinador nacional de Movimiento Ciudadano encendi\u00f3 la esperanza de cambio y critic\u00f3 a los &#8220;gobiernos corruptos&#8221; del pasado Camerino Z. Mendoza, Ver.- En un mitin multitudinario cargado de simbolismo en la Plaza &#8220;Punto Santa Rosa&#8221;, el coordinador nacional de Movimiento Ciudadano (MC), Jorge \u00c1lvarez M\u00e1ynez, ratific\u00f3 su apoyo al candidato a la presidencia municipal [&hellip;]<\/p>\n","protected":false},"author":2,"featured_media":5065,"comment_status":"open","ping_status":"open","sticky":false,"template":"","format":"standard","meta":{"rop_custom_images_group":[],"rop_custom_messages_group":[],"rop_publish_now":"initial","rop_publish_now_accounts":{"facebook_2001103103558832_108675811699976":""},"rop_publish_now_history":[],"rop_publish_now_status":"pending","footnotes":""},"categories":[5],"tags":[],"class_list":["post-5064","post","type-post","status-publish","format-standard","has-post-thumbnail","hentry","category-local"],"_links":{"self":[{"href":"https:\/\/reporte272.com\/portal\/wp-json\/wp\/v2\/posts\/5064","targetHints":{"allow":["GET"]}}],"collection":[{"href":"https:\/\/reporte272.com\/portal\/wp-json\/wp\/v2\/posts"}],"about":[{"href":"https:\/\/reporte272.com\/portal\/wp-json\/wp\/v2\/types\/post"}],"author":[{"embeddable":true,"href":"https:\/\/reporte272.com\/portal\/wp-json\/wp\/v2\/users\/2"}],"replies":[{"embeddable":true,"href":"https:\/\/reporte272.com\/portal\/wp-json\/wp\/v2\/comments?post=5064"}],"version-history":[{"count":1,"href":"https:\/\/reporte272.com\/portal\/wp-json\/wp\/v2\/posts\/5064\/revisions"}],"predecessor-version":[{"id":5066,"href":"https:\/\/reporte272.com\/portal\/wp-json\/wp\/v2\/posts\/5064\/revisions\/5066"}],"wp:featuredmedia":[{"embeddable":true,"href":"https:\/\/reporte272.com\/portal\/wp-json\/wp\/v2\/media\/5065"}],"wp:attachment":[{"href":"https:\/\/reporte272.com\/portal\/wp-json\/wp\/v2\/media?parent=5064"}],"wp:term":[{"taxonomy":"category","embeddable":true,"href":"https:\/\/reporte272.com\/portal\/wp-json\/wp\/v2\/categories?post=5064"},{"taxonomy":"post_tag","embeddable":true,"href":"https:\/\/reporte272.com\/portal\/wp-json\/wp\/v2\/tags?post=5064"}],"curies":[{"name":"wp","href":"https:\/\/api.w.org\/{rel}","templated":true}]}}