{"id":5076,"date":"2025-05-04T13:56:37","date_gmt":"2025-05-04T13:56:37","guid":{"rendered":"https:\/\/reporte272.com\/portal\/?p=5076"},"modified":"2025-05-04T13:56:37","modified_gmt":"2025-05-04T13:56:37","slug":"imparable-ya-no-hay-duda","status":"publish","type":"post","link":"https:\/\/reporte272.com\/portal\/imparable-ya-no-hay-duda\/","title":{"rendered":"Imparable, ya no hay duda"},"content":{"rendered":"\n<p class=\"wp-block-paragraph\">*\u201cLos programas sociales est\u00e1n en la Constituci\u00f3n; no se dejen enga\u00f1ar\u201d, afirma el candidato del PT<\/p>\n\n\n\n<p class=\"wp-block-paragraph\"><strong>Camerino Z. Mendoza, Ver., 3 de mayo de 2025.- <\/strong>Durante su recorrido por las colonias Los Pinos, Liberaci\u00f3n y Nueva Lucha, el candidato del Partido del Trabajo a la presidencia municipal, Gustavo S\u00e1nchez Ortiz, pidi\u00f3 a los ciudadanos no dejarse intimidar por amenazas relacionadas con la p\u00e9rdida de apoyos federales.<\/p>\n\n\n\n<p class=\"wp-block-paragraph\">\u201cQue no los enga\u00f1en, que no les digan que les van a quitar sus apoyos. No pueden, est\u00e1n en la Constituci\u00f3n, ya s\u00e9 que los andan amenazando\u201d, expres\u00f3 ante adultos mayores y j\u00f3venes, quienes le han manifestado estar preocupados por programas como la Pensi\u00f3n para el Bienestar de las Personas Adultas Mayores, la Pensi\u00f3n para Personas con Discapacidad, y becas educativas.<\/p>\n\n\n\n<p class=\"wp-block-paragraph\">S\u00e1nchez Ortiz record\u00f3 que estos programas son un derecho y no dependen de simpat\u00edas pol\u00edticas. \u201cNadie puede condicionarlos, ni mucho menos usarlos para intimidar o manipular\u201d, subray\u00f3.<\/p>\n\n\n\n<p class=\"wp-block-paragraph\">Fue muy bien recibido por los mendocinos que salieron a sus puertas a saludarlo y recibir sus propuestas en este quinto d\u00eda de campa\u00f1a, tambi\u00e9n felicita hoy a los trabajadores de la construccion por ser hoy su d\u00eda, siendo ellos un motor indispensable en el crecimiento de Camerino Z. Mendoza.<\/p>\n","protected":false},"excerpt":{"rendered":"<p>*\u201cLos programas sociales est\u00e1n en la Constituci\u00f3n; no se dejen enga\u00f1ar\u201d, afirma el candidato del PT Camerino Z. Mendoza, Ver., 3 de mayo de 2025.- Durante su recorrido por las colonias Los Pinos, Liberaci\u00f3n y Nueva Lucha, el candidato del Partido del Trabajo a la presidencia municipal, Gustavo S\u00e1nchez Ortiz, pidi\u00f3 a los ciudadanos no [&hellip;]<\/p>\n","protected":false},"author":2,"featured_media":5077,"comment_status":"open","ping_status":"open","sticky":false,"template":"","format":"standard","meta":{"rop_custom_images_group":[],"rop_custom_messages_group":[],"rop_publish_now":"initial","rop_publish_now_accounts":{"facebook_2001103103558832_108675811699976":""},"rop_publish_now_history":[],"rop_publish_now_status":"pending","footnotes":""},"categories":[5],"tags":[],"class_list":["post-5076","post","type-post","status-publish","format-standard","has-post-thumbnail","hentry","category-local"],"_links":{"self":[{"href":"https:\/\/reporte272.com\/portal\/wp-json\/wp\/v2\/posts\/5076","targetHints":{"allow":["GET"]}}],"collection":[{"href":"https:\/\/reporte272.com\/portal\/wp-json\/wp\/v2\/posts"}],"about":[{"href":"https:\/\/reporte272.com\/portal\/wp-json\/wp\/v2\/types\/post"}],"author":[{"embeddable":true,"href":"https:\/\/reporte272.com\/portal\/wp-json\/wp\/v2\/users\/2"}],"replies":[{"embeddable":true,"href":"https:\/\/reporte272.com\/portal\/wp-json\/wp\/v2\/comments?post=5076"}],"version-history":[{"count":1,"href":"https:\/\/reporte272.com\/portal\/wp-json\/wp\/v2\/posts\/5076\/revisions"}],"predecessor-version":[{"id":5078,"href":"https:\/\/reporte272.com\/portal\/wp-json\/wp\/v2\/posts\/5076\/revisions\/5078"}],"wp:featuredmedia":[{"embeddable":true,"href":"https:\/\/reporte272.com\/portal\/wp-json\/wp\/v2\/media\/5077"}],"wp:attachment":[{"href":"https:\/\/reporte272.com\/portal\/wp-json\/wp\/v2\/media?parent=5076"}],"wp:term":[{"taxonomy":"category","embeddable":true,"href":"https:\/\/reporte272.com\/portal\/wp-json\/wp\/v2\/categories?post=5076"},{"taxonomy":"post_tag","embeddable":true,"href":"https:\/\/reporte272.com\/portal\/wp-json\/wp\/v2\/tags?post=5076"}],"curies":[{"name":"wp","href":"https:\/\/api.w.org\/{rel}","templated":true}]}}