{"id":5089,"date":"2025-05-06T15:52:10","date_gmt":"2025-05-06T15:52:10","guid":{"rendered":"https:\/\/reporte272.com\/portal\/?p=5089"},"modified":"2025-05-06T15:52:11","modified_gmt":"2025-05-06T15:52:11","slug":"salvador-montalvo-se-adquiriran-cuatro-camiones-compactadores-con-el-fin-de-optimizar-el-servicio-de-recoleccion-de-basura-en-ixhuatlancillo","status":"publish","type":"post","link":"https:\/\/reporte272.com\/portal\/salvador-montalvo-se-adquiriran-cuatro-camiones-compactadores-con-el-fin-de-optimizar-el-servicio-de-recoleccion-de-basura-en-ixhuatlancillo\/","title":{"rendered":"Salvador Montalvo\u00a0se adquirir\u00e1n cuatro camiones compactadores\u00a0con\u00a0el\u00a0fin de optimizar\u00a0el servicio de recolecci\u00f3n de basura, en Ixhuatlancillo."},"content":{"rendered":"\n<p class=\"wp-block-paragraph\"><strong><br>Ixhuatlancillo, Veracruz, 5 de mayo de 2025 \u2014<\/strong>\u00a0<strong>En<\/strong>\u00a0<strong>su s\u00e9ptimo d\u00eda de campa\u00f1a, el\u00a0<\/strong>candidato de Morena, Salvador Montalvo, present\u00f3 una propuesta\u00a0<strong>fundamental<\/strong>\u00a0para\u00a0<strong>abordar<\/strong>\u00a0uno de los\u00a0<strong>desaf\u00edos<\/strong>\u00a0m\u00e1s\u00a0<strong>recurrentes<\/strong>\u00a0del municipio:\u00a0<strong>la<\/strong>\u00a0<strong>gesti\u00f3n<\/strong>\u00a0de residuos s\u00f3lidos.\u00a0<strong>En<\/strong>\u00a0<strong>el<\/strong>\u00a0<strong>marco\u00a0<\/strong>de su\u00a0<strong>estrategia<\/strong>\u00a0<strong>gubernamental<\/strong>, Montalvo\u00a0<strong>declar\u00f3<\/strong>\u00a0que <strong>comprar\u00e1<\/strong>\u00a0de cuatro camiones compactadores de\u00a0<strong>residuos,<\/strong>\u00a0<strong>destinados<\/strong>\u00a0<strong>a<\/strong>\u00a0<strong>mejorar<\/strong>\u00a0la\u00a0<strong>eficiencia en la\u00a0<\/strong>recolecci\u00f3n, transporte y\u00a0<strong>gesti\u00f3n<\/strong>\u00a0final de los desechos urbanos. <\/p>\n\n\n\n<p class=\"wp-block-paragraph\">Durante un recorrido por la colonia Uni\u00f3n y Progreso, Montalvo se\u00f1al\u00f3 que la actual infraestructura de recolecci\u00f3n es insuficiente, lo que ha derivado en acumulaci\u00f3n de basura, focos de infecci\u00f3n y afectaciones al medio ambiente. \u201cLa limpieza del municipio no debe ser un lujo, sino un derecho. Vamos a modernizar el sistema de recolecci\u00f3n de basura para tener un Ixhuatlancillo m\u00e1s limpio y saludable\u201d, afirm\u00f3 el candidato.<\/p>\n\n\n\n<p class=\"wp-block-paragraph\">La propuesta contempla:<\/p>\n\n\n\n<p class=\"wp-block-paragraph\">La compra de cuatro camiones compactadores nuevos con tecnolog\u00eda de bajo consumo de combustible.<\/p>\n\n\n\n<p class=\"wp-block-paragraph\">La reorganizaci\u00f3n de rutas de recolecci\u00f3n para garantizar cobertura en todas las colonias, incluyendo comunidades de dif\u00edcil acceso.<\/p>\n\n\n\n<p class=\"wp-block-paragraph\">La capacitaci\u00f3n del personal de limpia p\u00fablica y el fortalecimiento del \u00e1rea de servicios municipales.<\/p>\n\n\n\n<p class=\"wp-block-paragraph\">Una campa\u00f1a permanente de concientizaci\u00f3n ciudadana sobre la separaci\u00f3n de residuos y reciclaje.<\/p>\n\n\n\n<p class=\"wp-block-paragraph\">Montalvo destac\u00f3 que esta inversi\u00f3n responde a la necesidad de elevar la calidad de vida de las familias y cuidar el entorno natural del municipio, y adelant\u00f3 que su administraci\u00f3n buscar\u00e1 recursos federales y estatales para complementar el programa de gesti\u00f3n de residuos s\u00f3lidos.<\/p>\n\n\n\n<p class=\"wp-block-paragraph\">\u201cCon voluntad y gesti\u00f3n se pueden hacer grandes cambios. Vamos por un Ixhuatlancillo limpio, ordenado y comprometido con el medio ambiente\u201d, concluy\u00f3.<\/p>\n","protected":false},"excerpt":{"rendered":"<p>Ixhuatlancillo, Veracruz, 5 de mayo de 2025 \u2014\u00a0En\u00a0su s\u00e9ptimo d\u00eda de campa\u00f1a, el\u00a0candidato de Morena, Salvador Montalvo, present\u00f3 una propuesta\u00a0fundamental\u00a0para\u00a0abordar\u00a0uno de los\u00a0desaf\u00edos\u00a0m\u00e1s\u00a0recurrentes\u00a0del municipio:\u00a0la\u00a0gesti\u00f3n\u00a0de residuos s\u00f3lidos.\u00a0En\u00a0el\u00a0marco\u00a0de su\u00a0estrategia\u00a0gubernamental, Montalvo\u00a0declar\u00f3\u00a0que comprar\u00e1\u00a0de cuatro camiones compactadores de\u00a0residuos,\u00a0destinados\u00a0a\u00a0mejorar\u00a0la\u00a0eficiencia en la\u00a0recolecci\u00f3n, transporte y\u00a0gesti\u00f3n\u00a0final de los desechos urbanos. Durante un recorrido por la colonia Uni\u00f3n y Progreso, Montalvo se\u00f1al\u00f3 que la actual infraestructura [&hellip;]<\/p>\n","protected":false},"author":2,"featured_media":5090,"comment_status":"open","ping_status":"open","sticky":false,"template":"","format":"standard","meta":{"rop_custom_images_group":[],"rop_custom_messages_group":[],"rop_publish_now":"initial","rop_publish_now_accounts":{"facebook_2001103103558832_108675811699976":""},"rop_publish_now_history":[],"rop_publish_now_status":"pending","footnotes":""},"categories":[5],"tags":[],"class_list":["post-5089","post","type-post","status-publish","format-standard","has-post-thumbnail","hentry","category-local"],"_links":{"self":[{"href":"https:\/\/reporte272.com\/portal\/wp-json\/wp\/v2\/posts\/5089","targetHints":{"allow":["GET"]}}],"collection":[{"href":"https:\/\/reporte272.com\/portal\/wp-json\/wp\/v2\/posts"}],"about":[{"href":"https:\/\/reporte272.com\/portal\/wp-json\/wp\/v2\/types\/post"}],"author":[{"embeddable":true,"href":"https:\/\/reporte272.com\/portal\/wp-json\/wp\/v2\/users\/2"}],"replies":[{"embeddable":true,"href":"https:\/\/reporte272.com\/portal\/wp-json\/wp\/v2\/comments?post=5089"}],"version-history":[{"count":1,"href":"https:\/\/reporte272.com\/portal\/wp-json\/wp\/v2\/posts\/5089\/revisions"}],"predecessor-version":[{"id":5091,"href":"https:\/\/reporte272.com\/portal\/wp-json\/wp\/v2\/posts\/5089\/revisions\/5091"}],"wp:featuredmedia":[{"embeddable":true,"href":"https:\/\/reporte272.com\/portal\/wp-json\/wp\/v2\/media\/5090"}],"wp:attachment":[{"href":"https:\/\/reporte272.com\/portal\/wp-json\/wp\/v2\/media?parent=5089"}],"wp:term":[{"taxonomy":"category","embeddable":true,"href":"https:\/\/reporte272.com\/portal\/wp-json\/wp\/v2\/categories?post=5089"},{"taxonomy":"post_tag","embeddable":true,"href":"https:\/\/reporte272.com\/portal\/wp-json\/wp\/v2\/tags?post=5089"}],"curies":[{"name":"wp","href":"https:\/\/api.w.org\/{rel}","templated":true}]}}