{"id":5092,"date":"2025-05-06T16:50:19","date_gmt":"2025-05-06T16:50:19","guid":{"rendered":"https:\/\/reporte272.com\/portal\/?p=5092"},"modified":"2025-05-06T16:50:20","modified_gmt":"2025-05-06T16:50:20","slug":"julian-ramos-hernandez-escucha-demandas-ciudadanas-en-recorrido-por-colonias-de-camerino-z-mendoza","status":"publish","type":"post","link":"https:\/\/reporte272.com\/portal\/julian-ramos-hernandez-escucha-demandas-ciudadanas-en-recorrido-por-colonias-de-camerino-z-mendoza\/","title":{"rendered":"Juli\u00e1n Ramos Hern\u00e1ndez escucha demandas ciudadanas en recorrido por colonias de Camerino Z. Mendoza"},"content":{"rendered":"\n<p class=\"wp-block-paragraph\"><br>Camerino Z. Mendoza, Ver.- Con una c\u00e1lida recepci\u00f3n por parte de los vecinos, el candidato a la presidencia municipal por Movimiento Ciudadano, Juli\u00e1n Ramos Hern\u00e1ndez, recorri\u00f3 este lunes parte de las colonias Obrera y Sidar, acompa\u00f1ado de su equipo de campa\u00f1a, en busca de escuchar las necesidades de la ciudadan\u00eda.<br>Durante el recorrido, los residentes manifestaron sus principales preocupaciones: inseguridad, falta de alumbrado p\u00fablico y deficiencias en el servicio de recolecci\u00f3n de basura. Adem\u00e1s, un grupo de j\u00f3venes m\u00fasicos aprovech\u00f3 la oportunidad para denunciar la falta de apoyo a las agrupaciones art\u00edsticas locales, se\u00f1alando que en ocasiones son contratadas sin remuneraci\u00f3n bajo el pretexto de que &#8220;se promocionan&#8221;.<br>Ante las demandas ciudadanas, Ramos Hern\u00e1ndez se comprometi\u00f3 a trabajar en soluciones integrales para mejorar la seguridad, la infraestructura urbana y los servicios b\u00e1sicos. Asimismo, destac\u00f3 la importancia de impulsar el talento juvenil.<br>&#8220;Vamos a trabajar por todos, pero especialmente por las nuevas generaciones, porque en ellas est\u00e1 el futuro de nuestro municipio. Los j\u00f3venes artistas merecen oportunidades reales, no explotaci\u00f3n&#8221;, afirm\u00f3 el abanderado de Movimiento Ciudadano.<\/p>\n","protected":false},"excerpt":{"rendered":"<p>Camerino Z. Mendoza, Ver.- Con una c\u00e1lida recepci\u00f3n por parte de los vecinos, el candidato a la presidencia municipal por Movimiento Ciudadano, Juli\u00e1n Ramos Hern\u00e1ndez, recorri\u00f3 este lunes parte de las colonias Obrera y Sidar, acompa\u00f1ado de su equipo de campa\u00f1a, en busca de escuchar las necesidades de la ciudadan\u00eda.Durante el recorrido, los residentes manifestaron [&hellip;]<\/p>\n","protected":false},"author":2,"featured_media":5093,"comment_status":"open","ping_status":"open","sticky":false,"template":"","format":"standard","meta":{"rop_custom_images_group":[],"rop_custom_messages_group":[],"rop_publish_now":"initial","rop_publish_now_accounts":{"facebook_2001103103558832_108675811699976":""},"rop_publish_now_history":[],"rop_publish_now_status":"pending","footnotes":""},"categories":[5],"tags":[],"class_list":["post-5092","post","type-post","status-publish","format-standard","has-post-thumbnail","hentry","category-local"],"_links":{"self":[{"href":"https:\/\/reporte272.com\/portal\/wp-json\/wp\/v2\/posts\/5092","targetHints":{"allow":["GET"]}}],"collection":[{"href":"https:\/\/reporte272.com\/portal\/wp-json\/wp\/v2\/posts"}],"about":[{"href":"https:\/\/reporte272.com\/portal\/wp-json\/wp\/v2\/types\/post"}],"author":[{"embeddable":true,"href":"https:\/\/reporte272.com\/portal\/wp-json\/wp\/v2\/users\/2"}],"replies":[{"embeddable":true,"href":"https:\/\/reporte272.com\/portal\/wp-json\/wp\/v2\/comments?post=5092"}],"version-history":[{"count":1,"href":"https:\/\/reporte272.com\/portal\/wp-json\/wp\/v2\/posts\/5092\/revisions"}],"predecessor-version":[{"id":5094,"href":"https:\/\/reporte272.com\/portal\/wp-json\/wp\/v2\/posts\/5092\/revisions\/5094"}],"wp:featuredmedia":[{"embeddable":true,"href":"https:\/\/reporte272.com\/portal\/wp-json\/wp\/v2\/media\/5093"}],"wp:attachment":[{"href":"https:\/\/reporte272.com\/portal\/wp-json\/wp\/v2\/media?parent=5092"}],"wp:term":[{"taxonomy":"category","embeddable":true,"href":"https:\/\/reporte272.com\/portal\/wp-json\/wp\/v2\/categories?post=5092"},{"taxonomy":"post_tag","embeddable":true,"href":"https:\/\/reporte272.com\/portal\/wp-json\/wp\/v2\/tags?post=5092"}],"curies":[{"name":"wp","href":"https:\/\/api.w.org\/{rel}","templated":true}]}}