{"id":5101,"date":"2025-05-07T06:50:10","date_gmt":"2025-05-07T06:50:10","guid":{"rendered":"https:\/\/reporte272.com\/portal\/?p=5101"},"modified":"2025-05-07T06:50:11","modified_gmt":"2025-05-07T06:50:11","slug":"estamos-en-una-campana-propositiva-de-respeto-y-altura-gso","status":"publish","type":"post","link":"https:\/\/reporte272.com\/portal\/estamos-en-una-campana-propositiva-de-respeto-y-altura-gso\/","title":{"rendered":"Estamos en una campa\u00f1a propositiva, de respeto y altura: GSO."},"content":{"rendered":"\n<p class=\"wp-block-paragraph\">*Desde la izquierda con el PT, vamos por el bien com\u00fan de Camerino Z. Mendoza.<\/p>\n\n\n\n<p class=\"wp-block-paragraph\"><strong>Camerino Z. Mendoza, Ver. A 06 de mayo 2025.-<\/strong> En su recorrido de campa\u00f1a este d\u00eda por las colonias de la ciudad, el candidato del Partido del Trabajo (PT), Gustavo S\u00e1nchez Ortiz, reiter\u00f3 su invitaci\u00f3n \u201ca hacer una campa\u00f1a de respeto, propositiva, y de altura\u201d.<br>Puntualiz\u00f3 su propuesta de trabajar en beneficio de todos y cada uno de los habitantes mendocinos, \u201cla esencia de la izquierda es buscar el bien com\u00fan, y desde el PT, vamos por el bienestar de todas nuestras colonias y comunidades\u201d.<br>En ese sentido, asent\u00f3 \u201cvamos muy bien, hemos tenido recorridos casa por casa, la gente nos recibe bien y nos dice lo que hay que corregir, y tomamos nota de todo\u201d.<br>Todos est\u00e1n convencidos que no quieren regresar al pasado, con gente o familias que han tenido la oportunidad de gobernar y que lo han hecho mal, o gente improvisada que no tiene la preparaci\u00f3n, asent\u00f3.<br>Consider\u00f3 que para gobernar hay que tener estabilidad, \u201cla estabilidad familiar, luego la preparaci\u00f3n, y el amor por nuestra tierra; hay gente que no lo tiene, ataca por redes sociales, y no le ve uno seriedad a ello\u201d, por ello su invitaci\u00f3n a una campa\u00f1a propositiva.<\/p>\n","protected":false},"excerpt":{"rendered":"<p>*Desde la izquierda con el PT, vamos por el bien com\u00fan de Camerino Z. Mendoza. Camerino Z. Mendoza, Ver. A 06 de mayo 2025.- En su recorrido de campa\u00f1a este d\u00eda por las colonias de la ciudad, el candidato del Partido del Trabajo (PT), Gustavo S\u00e1nchez Ortiz, reiter\u00f3 su invitaci\u00f3n \u201ca hacer una campa\u00f1a de [&hellip;]<\/p>\n","protected":false},"author":2,"featured_media":5102,"comment_status":"open","ping_status":"open","sticky":false,"template":"","format":"standard","meta":{"rop_custom_images_group":[],"rop_custom_messages_group":[],"rop_publish_now":"initial","rop_publish_now_accounts":{"facebook_2001103103558832_108675811699976":""},"rop_publish_now_history":[],"rop_publish_now_status":"pending","footnotes":""},"categories":[5],"tags":[],"class_list":["post-5101","post","type-post","status-publish","format-standard","has-post-thumbnail","hentry","category-local"],"_links":{"self":[{"href":"https:\/\/reporte272.com\/portal\/wp-json\/wp\/v2\/posts\/5101","targetHints":{"allow":["GET"]}}],"collection":[{"href":"https:\/\/reporte272.com\/portal\/wp-json\/wp\/v2\/posts"}],"about":[{"href":"https:\/\/reporte272.com\/portal\/wp-json\/wp\/v2\/types\/post"}],"author":[{"embeddable":true,"href":"https:\/\/reporte272.com\/portal\/wp-json\/wp\/v2\/users\/2"}],"replies":[{"embeddable":true,"href":"https:\/\/reporte272.com\/portal\/wp-json\/wp\/v2\/comments?post=5101"}],"version-history":[{"count":1,"href":"https:\/\/reporte272.com\/portal\/wp-json\/wp\/v2\/posts\/5101\/revisions"}],"predecessor-version":[{"id":5103,"href":"https:\/\/reporte272.com\/portal\/wp-json\/wp\/v2\/posts\/5101\/revisions\/5103"}],"wp:featuredmedia":[{"embeddable":true,"href":"https:\/\/reporte272.com\/portal\/wp-json\/wp\/v2\/media\/5102"}],"wp:attachment":[{"href":"https:\/\/reporte272.com\/portal\/wp-json\/wp\/v2\/media?parent=5101"}],"wp:term":[{"taxonomy":"category","embeddable":true,"href":"https:\/\/reporte272.com\/portal\/wp-json\/wp\/v2\/categories?post=5101"},{"taxonomy":"post_tag","embeddable":true,"href":"https:\/\/reporte272.com\/portal\/wp-json\/wp\/v2\/tags?post=5101"}],"curies":[{"name":"wp","href":"https:\/\/api.w.org\/{rel}","templated":true}]}}