{"id":5111,"date":"2025-05-09T04:03:59","date_gmt":"2025-05-09T04:03:59","guid":{"rendered":"https:\/\/reporte272.com\/portal\/?p=5111"},"modified":"2025-05-09T04:04:00","modified_gmt":"2025-05-09T04:04:00","slug":"se-incendia-reloj-musical-en-paso-del-macho","status":"publish","type":"post","link":"https:\/\/reporte272.com\/portal\/se-incendia-reloj-musical-en-paso-del-macho\/","title":{"rendered":"Se incendia reloj musical en Paso del Macho"},"content":{"rendered":"\n<p class=\"wp-block-paragraph\"><strong>Paso del Macho, Ver. \u2014<\/strong> La tarde-noche de este jueves se registr\u00f3 un incendio en el reloj musical ubicado en el parque central de Paso del Macho. Las causas del siniestro a\u00fan no han sido determinadas.<\/p>\n\n\n\n<p class=\"wp-block-paragraph\">Vecinos del lugar reportaron que las llamas comenzaron a propagarse r\u00e1pidamente por la estructura de la torre, lo que gener\u00f3 alarma entre los presentes. Elementos de Protecci\u00f3n Civil acudieron al sitio para sofocar el fuego y evitar da\u00f1os mayores.<\/p>\n\n\n\n<p class=\"wp-block-paragraph\">A pesar de los esfuerzos, el sistema y la maquinaria del reloj quedaron completamente inutilizados. Hasta el momento, no se reportan personas lesionadas.<\/p>\n\n\n\n<p class=\"wp-block-paragraph\">Autoridades locales ya investigan lo ocurrido para determinar el origen del incendio y evaluar los da\u00f1os.<\/p>\n","protected":false},"excerpt":{"rendered":"<p>Paso del Macho, Ver. \u2014 La tarde-noche de este jueves se registr\u00f3 un incendio en el reloj musical ubicado en el parque central de Paso del Macho. Las causas del siniestro a\u00fan no han sido determinadas. Vecinos del lugar reportaron que las llamas comenzaron a propagarse r\u00e1pidamente por la estructura de la torre, lo que [&hellip;]<\/p>\n","protected":false},"author":2,"featured_media":5113,"comment_status":"open","ping_status":"open","sticky":false,"template":"","format":"standard","meta":{"rop_custom_images_group":[],"rop_custom_messages_group":[],"rop_publish_now":"initial","rop_publish_now_accounts":{"facebook_2001103103558832_108675811699976":""},"rop_publish_now_history":[],"rop_publish_now_status":"pending","footnotes":""},"categories":[6],"tags":[],"class_list":["post-5111","post","type-post","status-publish","format-standard","has-post-thumbnail","hentry","category-estatal"],"_links":{"self":[{"href":"https:\/\/reporte272.com\/portal\/wp-json\/wp\/v2\/posts\/5111","targetHints":{"allow":["GET"]}}],"collection":[{"href":"https:\/\/reporte272.com\/portal\/wp-json\/wp\/v2\/posts"}],"about":[{"href":"https:\/\/reporte272.com\/portal\/wp-json\/wp\/v2\/types\/post"}],"author":[{"embeddable":true,"href":"https:\/\/reporte272.com\/portal\/wp-json\/wp\/v2\/users\/2"}],"replies":[{"embeddable":true,"href":"https:\/\/reporte272.com\/portal\/wp-json\/wp\/v2\/comments?post=5111"}],"version-history":[{"count":1,"href":"https:\/\/reporte272.com\/portal\/wp-json\/wp\/v2\/posts\/5111\/revisions"}],"predecessor-version":[{"id":5114,"href":"https:\/\/reporte272.com\/portal\/wp-json\/wp\/v2\/posts\/5111\/revisions\/5114"}],"wp:featuredmedia":[{"embeddable":true,"href":"https:\/\/reporte272.com\/portal\/wp-json\/wp\/v2\/media\/5113"}],"wp:attachment":[{"href":"https:\/\/reporte272.com\/portal\/wp-json\/wp\/v2\/media?parent=5111"}],"wp:term":[{"taxonomy":"category","embeddable":true,"href":"https:\/\/reporte272.com\/portal\/wp-json\/wp\/v2\/categories?post=5111"},{"taxonomy":"post_tag","embeddable":true,"href":"https:\/\/reporte272.com\/portal\/wp-json\/wp\/v2\/tags?post=5111"}],"curies":[{"name":"wp","href":"https:\/\/api.w.org\/{rel}","templated":true}]}}