{"id":5118,"date":"2025-05-09T04:59:09","date_gmt":"2025-05-09T04:59:09","guid":{"rendered":"https:\/\/reporte272.com\/portal\/?p=5118"},"modified":"2025-05-09T04:59:10","modified_gmt":"2025-05-09T04:59:10","slug":"habemus-papam","status":"publish","type":"post","link":"https:\/\/reporte272.com\/portal\/habemus-papam\/","title":{"rendered":"\u00a1Habemus Papam!"},"content":{"rendered":"\n<p class=\"wp-block-paragraph\">Este jueves 8 de mayo de 2025, la Iglesia Cat\u00f3lica anunci\u00f3 la elecci\u00f3n de un nuevo Papa mediante la tradicional fumata blanca que emergi\u00f3 de la chimenea de la Capilla Sixtina a las 18:08 horas (tiempo de Roma). Este acontecimiento marca el cierre del c\u00f3nclave iniciado el 7 de mayo, tras el fallecimiento del Papa Francisco el pasado 21 de abril.<br>El c\u00f3nclave, compuesto por 133 cardenales electores, alcanz\u00f3 la mayor\u00eda requerida de dos tercios (89 votos) en la cuarta votaci\u00f3n. La elecci\u00f3n fue seguida con gran expectaci\u00f3n por miles de fieles congregados en la Plaza de San Pedro, quienes celebraron con j\u00fabilo al ver el humo blanco, se\u00f1al inequ\u00edvoca de que &#8220;Habemus Papam&#8221;.<br>Seg\u00fan el protocolo vaticano, tras la fumata blanca, el cardenal elegido acepta formalmente el cargo, elige su nombre papal y se viste con la sotana blanca en la llamada &#8220;Sala de las L\u00e1grimas&#8221;. Posteriormente, el cardenal protodi\u00e1cono anunciar\u00e1 desde el balc\u00f3n central de la Bas\u00edlica de San Pedro: &#8220;Habemus Papam&#8221;, seguido del nombre del nuevo pont\u00edfice. El nuevo Papa entonces aparecer\u00e1 para impartir su primera bendici\u00f3n &#8220;Urbi et Orbi&#8221;.<br>Hasta el momento, la identidad del nuevo Papa no ha sido revelada. Se espera que el anuncio oficial se realice en breve, conforme al protocolo establecido.<\/p>\n","protected":false},"excerpt":{"rendered":"<p>Este jueves 8 de mayo de 2025, la Iglesia Cat\u00f3lica anunci\u00f3 la elecci\u00f3n de un nuevo Papa mediante la tradicional fumata blanca que emergi\u00f3 de la chimenea de la Capilla Sixtina a las 18:08 horas (tiempo de Roma). Este acontecimiento marca el cierre del c\u00f3nclave iniciado el 7 de mayo, tras el fallecimiento del Papa [&hellip;]<\/p>\n","protected":false},"author":2,"featured_media":5119,"comment_status":"open","ping_status":"open","sticky":false,"template":"","format":"standard","meta":{"rop_custom_images_group":[],"rop_custom_messages_group":[],"rop_publish_now":"initial","rop_publish_now_accounts":{"facebook_2001103103558832_108675811699976":""},"rop_publish_now_history":[],"rop_publish_now_status":"pending","footnotes":""},"categories":[7,10],"tags":[],"class_list":["post-5118","post","type-post","status-publish","format-standard","has-post-thumbnail","hentry","category-nacional","category-portada"],"_links":{"self":[{"href":"https:\/\/reporte272.com\/portal\/wp-json\/wp\/v2\/posts\/5118","targetHints":{"allow":["GET"]}}],"collection":[{"href":"https:\/\/reporte272.com\/portal\/wp-json\/wp\/v2\/posts"}],"about":[{"href":"https:\/\/reporte272.com\/portal\/wp-json\/wp\/v2\/types\/post"}],"author":[{"embeddable":true,"href":"https:\/\/reporte272.com\/portal\/wp-json\/wp\/v2\/users\/2"}],"replies":[{"embeddable":true,"href":"https:\/\/reporte272.com\/portal\/wp-json\/wp\/v2\/comments?post=5118"}],"version-history":[{"count":1,"href":"https:\/\/reporte272.com\/portal\/wp-json\/wp\/v2\/posts\/5118\/revisions"}],"predecessor-version":[{"id":5120,"href":"https:\/\/reporte272.com\/portal\/wp-json\/wp\/v2\/posts\/5118\/revisions\/5120"}],"wp:featuredmedia":[{"embeddable":true,"href":"https:\/\/reporte272.com\/portal\/wp-json\/wp\/v2\/media\/5119"}],"wp:attachment":[{"href":"https:\/\/reporte272.com\/portal\/wp-json\/wp\/v2\/media?parent=5118"}],"wp:term":[{"taxonomy":"category","embeddable":true,"href":"https:\/\/reporte272.com\/portal\/wp-json\/wp\/v2\/categories?post=5118"},{"taxonomy":"post_tag","embeddable":true,"href":"https:\/\/reporte272.com\/portal\/wp-json\/wp\/v2\/tags?post=5118"}],"curies":[{"name":"wp","href":"https:\/\/api.w.org\/{rel}","templated":true}]}}