{"id":5130,"date":"2025-05-09T05:40:00","date_gmt":"2025-05-09T05:40:00","guid":{"rendered":"https:\/\/reporte272.com\/portal\/?p=5130"},"modified":"2025-05-09T05:40:01","modified_gmt":"2025-05-09T05:40:01","slug":"resolver-inseguridad-y-vialidad-compromiso-de-oscar-romero-aquino","status":"publish","type":"post","link":"https:\/\/reporte272.com\/portal\/resolver-inseguridad-y-vialidad-compromiso-de-oscar-romero-aquino\/","title":{"rendered":"Resolver inseguridad y vialidad, compromiso de Oscar Romero Aquino"},"content":{"rendered":"\n<p class=\"wp-block-paragraph\"><strong>Camerino Z Mendoza, Veracruz. &#8211; <\/strong>En tan solo cuatro a\u00f1os, el municipio de Camerino Z Mendoza perdi\u00f3 el Bando de Polic\u00eda y la Delegaci\u00f3n de Tr\u00e1nsito, generando una ola de robos y asaltos, con graves afectaciones al patrimonio familiar y comercial, lament\u00f3 el candidato de la coalici\u00f3n MORENA-PV, al gobierno municipal de Camerino Z. Mendoza, Oscar Romero Aquino.<\/p>\n\n\n\n<p class=\"wp-block-paragraph\">Al visitar a familias establecidas en la colonia Hogar, las quejas en contra de la administraci\u00f3n actual fueron en materia de inseguridad y falta de alumbrado, que dieron como resultado una escalada de robos a casa habitaci\u00f3n, robo de veh\u00edculos, asaltos a mano armada a transe\u00fantes, establecimientos y afectaciones a la propiedad privada.<\/p>\n\n\n\n<p class=\"wp-block-paragraph\">&#8220;Nos comentan los ciudadanos que ya no quieren salir despu\u00e9s de las siete de la tarde, se meten a sus casas por temor a la inseguridad, los robos a casa habitaci\u00f3n, los asaltos a transe\u00fantes. La seguridad es un punto prioritario que toda la gente reclama.<\/p>\n\n\n\n<p class=\"wp-block-paragraph\">Para que Ciudad Mendoza pueda crecer, debe tener seguridad y esa es una de las peticiones de una doctora de la calle Neira, a quien delincuentes le robaron el equipo de ultrasonido y el equipo de Rayos X, yo creo que eso no puede estar pasando. Pasamos a una casa que est\u00e1 a la vuelta de la calle Minerva y est\u00e1 abandonada porque los due\u00f1os fueron asaltados y prefirieron irse a vivir a otro lugar&#8221;, exhibi\u00f3 el candidato de la 4T.<\/p>\n\n\n\n<p class=\"wp-block-paragraph\">En el d\u00e9cimo d\u00eda de campa\u00f1a, la coalici\u00f3n MORENA-PV escuch\u00f3 las necesidades urgentes de una poblaci\u00f3n que se dice lastimada, porque llegaron a gobernar autoridades omisas, que no resuelven ni dan la cara cuando se trata de enfrentar situaciones de inseguridad como los homicidios, &#8220;levantones&#8221;, robos de c\u00e1maras de seguridad y desapariciones.<\/p>\n\n\n\n<p class=\"wp-block-paragraph\">Oscar Romero record\u00f3 que no hay polic\u00eda, pues en el actual Gobierno se perdi\u00f3, al igual que Tr\u00e1nsito, y hoy no se puede tener estos dos rubros sin atenci\u00f3n, para ello se necesita un gobierno honesto y responsable, comprometido con la poblaci\u00f3n y la urgente necesidad de atender y resolver la demanda ciudadana.<\/p>\n\n\n\n<p class=\"wp-block-paragraph\">Las familias de la colonia Hogar, solicitaron al candidato de la 4T, un gobierno humanista, de di\u00e1logo y puestas abiertas, a lo cual Romero Aquino anunci\u00f3 la instalaci\u00f3n de un Parlamento, en el que todas las voces busquen convergencia en el desarrollo de Camerino Z Mendoza.<\/p>\n\n\n\n<p class=\"wp-block-paragraph\">Un gobierno honesto y responsable, dijo, se construye con la participaci\u00f3n de todos, pues el ciudadano es el mejor juez y los elegidos en el proceso deben garantizar soluciones inmediatas, y ese gobierno ser\u00e1 presidido por la coalici\u00f3n MORENA-PV, a partir del 1 de enero de 2026, para recuperar la &#8220;Grandeza de ser Mendocinos&#8221;.<\/p>\n","protected":false},"excerpt":{"rendered":"<p>Camerino Z Mendoza, Veracruz. &#8211; En tan solo cuatro a\u00f1os, el municipio de Camerino Z Mendoza perdi\u00f3 el Bando de Polic\u00eda y la Delegaci\u00f3n de Tr\u00e1nsito, generando una ola de robos y asaltos, con graves afectaciones al patrimonio familiar y comercial, lament\u00f3 el candidato de la coalici\u00f3n MORENA-PV, al gobierno municipal de Camerino Z. Mendoza, [&hellip;]<\/p>\n","protected":false},"author":2,"featured_media":5131,"comment_status":"open","ping_status":"open","sticky":false,"template":"","format":"standard","meta":{"rop_custom_images_group":[],"rop_custom_messages_group":[],"rop_publish_now":"initial","rop_publish_now_accounts":{"facebook_2001103103558832_108675811699976":""},"rop_publish_now_history":[],"rop_publish_now_status":"pending","footnotes":""},"categories":[5],"tags":[],"class_list":["post-5130","post","type-post","status-publish","format-standard","has-post-thumbnail","hentry","category-local"],"_links":{"self":[{"href":"https:\/\/reporte272.com\/portal\/wp-json\/wp\/v2\/posts\/5130","targetHints":{"allow":["GET"]}}],"collection":[{"href":"https:\/\/reporte272.com\/portal\/wp-json\/wp\/v2\/posts"}],"about":[{"href":"https:\/\/reporte272.com\/portal\/wp-json\/wp\/v2\/types\/post"}],"author":[{"embeddable":true,"href":"https:\/\/reporte272.com\/portal\/wp-json\/wp\/v2\/users\/2"}],"replies":[{"embeddable":true,"href":"https:\/\/reporte272.com\/portal\/wp-json\/wp\/v2\/comments?post=5130"}],"version-history":[{"count":1,"href":"https:\/\/reporte272.com\/portal\/wp-json\/wp\/v2\/posts\/5130\/revisions"}],"predecessor-version":[{"id":5132,"href":"https:\/\/reporte272.com\/portal\/wp-json\/wp\/v2\/posts\/5130\/revisions\/5132"}],"wp:featuredmedia":[{"embeddable":true,"href":"https:\/\/reporte272.com\/portal\/wp-json\/wp\/v2\/media\/5131"}],"wp:attachment":[{"href":"https:\/\/reporte272.com\/portal\/wp-json\/wp\/v2\/media?parent=5130"}],"wp:term":[{"taxonomy":"category","embeddable":true,"href":"https:\/\/reporte272.com\/portal\/wp-json\/wp\/v2\/categories?post=5130"},{"taxonomy":"post_tag","embeddable":true,"href":"https:\/\/reporte272.com\/portal\/wp-json\/wp\/v2\/tags?post=5130"}],"curies":[{"name":"wp","href":"https:\/\/api.w.org\/{rel}","templated":true}]}}