{"id":5142,"date":"2025-05-10T04:34:01","date_gmt":"2025-05-10T04:34:01","guid":{"rendered":"https:\/\/reporte272.com\/portal\/?p=5142"},"modified":"2025-05-10T04:34:02","modified_gmt":"2025-05-10T04:34:02","slug":"gustavo-sanchez-ortiz-apuesta-por-el-comercio-local","status":"publish","type":"post","link":"https:\/\/reporte272.com\/portal\/gustavo-sanchez-ortiz-apuesta-por-el-comercio-local\/","title":{"rendered":"Gustavo S\u00e1nchez Ortiz, apuesta por el comercio local"},"content":{"rendered":"\n<p class=\"wp-block-paragraph\">*Es importante generador de empleo y mantiene viva la actividad econ\u00f3mica<\/p>\n\n\n\n<p class=\"wp-block-paragraph\"><strong>Camerino Z. Mendoza, Veracruz. 09 de mayo de 2025.-<\/strong> Con paso firme y cercano, Gustavo S\u00e1nchez Ortiz, candidato del Partido del Trabajo a la presidencia municipal, recorri\u00f3 las calles del centro mendocino, saludando personalmente a comerciantes, compradores y vecinos que d\u00eda a d\u00eda mantienen viva la actividad de la ciudad.<\/p>\n\n\n\n<p class=\"wp-block-paragraph\">Durante su recorrido, el abanderado del partido que tambi\u00e9n es la 4T, estrech\u00f3 manos, toc\u00f3 puertas, y escuch\u00f3 atento las preocupaciones de quienes viven y trabajan en esta zona emblem\u00e1tica. Su compromiso es claro: reactivar la econom\u00eda desde abajo, apoyando al comercio local y a los emprendedores que hacen grande a Mendoza.<\/p>\n\n\n\n<p class=\"wp-block-paragraph\">\u201cDesde las tienditas de la esquina hasta los negocios que han resistido el paso del tiempo, todos merecen un gobierno que los escuche, que los impulse y que reconozca su labor como generadores de empleo y bienestar para cientos de familias mendocinas\u201d, expres\u00f3.<\/p>\n\n\n\n<p class=\"wp-block-paragraph\">Gustavo S\u00e1nchez Ortiz destac\u00f3 que Camerino Z. Mendoza no solo es tierra de obreros y maestros, tambi\u00e9n es un municipio con una s\u00f3lida vocaci\u00f3n comercial, y en ese sector ve una gran oportunidad para el desarrollo econ\u00f3mico local. Su propuesta contempla una serie de acciones para fomentar el consumo interno, brindar apoyos a peque\u00f1os negocios y facilitar condiciones para el crecimiento de los emprendedores.<\/p>\n\n\n\n<p class=\"wp-block-paragraph\">Record\u00f3 que la ciudad tiene una posici\u00f3n estrat\u00e9gica clave, en la ruta entre Puebla, Ciudad de M\u00e9xico y el puerto de Veracruz, lo que representa un potencial log\u00edstico que debe ser aprovechado para atraer inversi\u00f3n y fortalecer el comercio regional. \u201cCon el PT, tendremos comercio local con futuro, pr\u00f3spero, con oportunidades para todos, por amor a nuestra tierra\u201d, puntualiz\u00f3.<\/p>\n\n\n\n<p class=\"wp-block-paragraph\"><\/p>\n","protected":false},"excerpt":{"rendered":"<p>*Es importante generador de empleo y mantiene viva la actividad econ\u00f3mica Camerino Z. Mendoza, Veracruz. 09 de mayo de 2025.- Con paso firme y cercano, Gustavo S\u00e1nchez Ortiz, candidato del Partido del Trabajo a la presidencia municipal, recorri\u00f3 las calles del centro mendocino, saludando personalmente a comerciantes, compradores y vecinos que d\u00eda a d\u00eda mantienen [&hellip;]<\/p>\n","protected":false},"author":2,"featured_media":5143,"comment_status":"open","ping_status":"open","sticky":false,"template":"","format":"standard","meta":{"rop_custom_images_group":[],"rop_custom_messages_group":[],"rop_publish_now":"initial","rop_publish_now_accounts":{"facebook_2001103103558832_108675811699976":""},"rop_publish_now_history":[],"rop_publish_now_status":"pending","footnotes":""},"categories":[5],"tags":[],"class_list":["post-5142","post","type-post","status-publish","format-standard","has-post-thumbnail","hentry","category-local"],"_links":{"self":[{"href":"https:\/\/reporte272.com\/portal\/wp-json\/wp\/v2\/posts\/5142","targetHints":{"allow":["GET"]}}],"collection":[{"href":"https:\/\/reporte272.com\/portal\/wp-json\/wp\/v2\/posts"}],"about":[{"href":"https:\/\/reporte272.com\/portal\/wp-json\/wp\/v2\/types\/post"}],"author":[{"embeddable":true,"href":"https:\/\/reporte272.com\/portal\/wp-json\/wp\/v2\/users\/2"}],"replies":[{"embeddable":true,"href":"https:\/\/reporte272.com\/portal\/wp-json\/wp\/v2\/comments?post=5142"}],"version-history":[{"count":1,"href":"https:\/\/reporte272.com\/portal\/wp-json\/wp\/v2\/posts\/5142\/revisions"}],"predecessor-version":[{"id":5144,"href":"https:\/\/reporte272.com\/portal\/wp-json\/wp\/v2\/posts\/5142\/revisions\/5144"}],"wp:featuredmedia":[{"embeddable":true,"href":"https:\/\/reporte272.com\/portal\/wp-json\/wp\/v2\/media\/5143"}],"wp:attachment":[{"href":"https:\/\/reporte272.com\/portal\/wp-json\/wp\/v2\/media?parent=5142"}],"wp:term":[{"taxonomy":"category","embeddable":true,"href":"https:\/\/reporte272.com\/portal\/wp-json\/wp\/v2\/categories?post=5142"},{"taxonomy":"post_tag","embeddable":true,"href":"https:\/\/reporte272.com\/portal\/wp-json\/wp\/v2\/tags?post=5142"}],"curies":[{"name":"wp","href":"https:\/\/api.w.org\/{rel}","templated":true}]}}