{"id":5154,"date":"2025-05-10T05:14:31","date_gmt":"2025-05-10T05:14:31","guid":{"rendered":"https:\/\/reporte272.com\/portal\/?p=5154"},"modified":"2025-05-10T05:14:32","modified_gmt":"2025-05-10T05:14:32","slug":"chocan-camioneta-y-automovil-en-la-teresa-penafiel","status":"publish","type":"post","link":"https:\/\/reporte272.com\/portal\/chocan-camioneta-y-automovil-en-la-teresa-penafiel\/","title":{"rendered":"Chocan camioneta y autom\u00f3vil en la Teresa Pe\u00f1afiel"},"content":{"rendered":"\n<p class=\"wp-block-paragraph\"><strong>Orizaba, Veracruz. (Staff Reporte272). &#8211; <\/strong>El choque en \u00e1ngulo entre una camioneta familiar y un veh\u00edculo particular en la Colonia Francisco Ferrer Guardia, de Orizaba, dej\u00f3 un saldo de da\u00f1os materiales, as\u00ed como la movilizaci\u00f3n de cuerpos policiales.<\/p>\n\n\n\n<p class=\"wp-block-paragraph\">El incidente se present\u00f3 en el cruce de la Avenida Teresa Pe\u00f1afiel o prolongaci\u00f3n de Sur 17 esquina Calle Justo Sierra de la Colonia antes se\u00f1alada asentada en la zona sur de la Orizaba, a causa de qu\u00e9 uno de los conductores no respet\u00f3 la preferencia de paso.<\/p>\n\n\n\n<p class=\"wp-block-paragraph\">En el mismo se vio involucrada una camioneta Jeep Grand Cherokee de color caf\u00e9, as\u00ed como un veh\u00edculo Chevrolet Sonic Sed\u00e1n de color rojo, este \u00faltimo aparentemente responsable del incidente.<\/p>\n\n\n\n<p class=\"wp-block-paragraph\">Al sitio asentado ha escasos metros de la Parroquia de San Felipe Neri, llegaron oficiales de la Polic\u00eda Municipal, as\u00ed como param\u00e9dicos de Protecci\u00f3n Civil y elementos de la Polic\u00eda Vial, los cuales tomaron conocimiento y confirmaron que no hab\u00eda personas lesionadas; finalmente efectuaron el retiro de las unidades para el deslinde de causalidades.<\/p>\n","protected":false},"excerpt":{"rendered":"<p>Orizaba, Veracruz. (Staff Reporte272). &#8211; El choque en \u00e1ngulo entre una camioneta familiar y un veh\u00edculo particular en la Colonia Francisco Ferrer Guardia, de Orizaba, dej\u00f3 un saldo de da\u00f1os materiales, as\u00ed como la movilizaci\u00f3n de cuerpos policiales. El incidente se present\u00f3 en el cruce de la Avenida Teresa Pe\u00f1afiel o prolongaci\u00f3n de Sur 17 [&hellip;]<\/p>\n","protected":false},"author":2,"featured_media":5155,"comment_status":"open","ping_status":"open","sticky":false,"template":"","format":"standard","meta":{"rop_custom_images_group":[],"rop_custom_messages_group":[],"rop_publish_now":"initial","rop_publish_now_accounts":{"facebook_2001103103558832_108675811699976":""},"rop_publish_now_history":[],"rop_publish_now_status":"pending","footnotes":""},"categories":[9],"tags":[],"class_list":["post-5154","post","type-post","status-publish","format-standard","has-post-thumbnail","hentry","category-policiaca"],"_links":{"self":[{"href":"https:\/\/reporte272.com\/portal\/wp-json\/wp\/v2\/posts\/5154","targetHints":{"allow":["GET"]}}],"collection":[{"href":"https:\/\/reporte272.com\/portal\/wp-json\/wp\/v2\/posts"}],"about":[{"href":"https:\/\/reporte272.com\/portal\/wp-json\/wp\/v2\/types\/post"}],"author":[{"embeddable":true,"href":"https:\/\/reporte272.com\/portal\/wp-json\/wp\/v2\/users\/2"}],"replies":[{"embeddable":true,"href":"https:\/\/reporte272.com\/portal\/wp-json\/wp\/v2\/comments?post=5154"}],"version-history":[{"count":1,"href":"https:\/\/reporte272.com\/portal\/wp-json\/wp\/v2\/posts\/5154\/revisions"}],"predecessor-version":[{"id":5156,"href":"https:\/\/reporte272.com\/portal\/wp-json\/wp\/v2\/posts\/5154\/revisions\/5156"}],"wp:featuredmedia":[{"embeddable":true,"href":"https:\/\/reporte272.com\/portal\/wp-json\/wp\/v2\/media\/5155"}],"wp:attachment":[{"href":"https:\/\/reporte272.com\/portal\/wp-json\/wp\/v2\/media?parent=5154"}],"wp:term":[{"taxonomy":"category","embeddable":true,"href":"https:\/\/reporte272.com\/portal\/wp-json\/wp\/v2\/categories?post=5154"},{"taxonomy":"post_tag","embeddable":true,"href":"https:\/\/reporte272.com\/portal\/wp-json\/wp\/v2\/tags?post=5154"}],"curies":[{"name":"wp","href":"https:\/\/api.w.org\/{rel}","templated":true}]}}