{"id":5161,"date":"2025-05-11T04:02:55","date_gmt":"2025-05-11T04:02:55","guid":{"rendered":"https:\/\/reporte272.com\/portal\/?p=5161"},"modified":"2025-05-11T04:02:56","modified_gmt":"2025-05-11T04:02:56","slug":"motociclista-sufre-fractura-tras-ser-impactado-por-una-camioneta","status":"publish","type":"post","link":"https:\/\/reporte272.com\/portal\/motociclista-sufre-fractura-tras-ser-impactado-por-una-camioneta\/","title":{"rendered":"Motociclista sufre fractura tras ser impactado por una camioneta"},"content":{"rendered":"\n<p class=\"wp-block-paragraph\"><strong>Camerino Z. Mendoza, Veracruz. (Staff Reporte272).- <\/strong>Con fractura expuesta de pierna derecha result\u00f3 un motociclista sobre la Calle La Raya esquina con Francisco Javier Mina, en Ciudad Mendoza, luego de que fue atropellado por una camioneta particular cuando viajaba en compa\u00f1\u00eda de su menor hija de 10 a\u00f1os de edad.<\/p>\n\n\n\n<p class=\"wp-block-paragraph\">El accidente se registr\u00f3 durante la noche de este s\u00e1bado en donde se vio involucrada una motocicleta marca keeway y una camioneta marca Ford Escape de color vino, la cual presumiblemente circulaba a exceso de velocidad e impact\u00f3 severamente a la unidad de dos ruedas en donde viajaba el padre de familia con su ni\u00f1a.<\/p>\n\n\n\n<p class=\"wp-block-paragraph\">Al lugar del incidente acudieron oportunamente oficiales de la Polic\u00eda Estatal y param\u00e9dicos de la Cruz Roja, qui\u00e9nes brindaron las primeras atenciones al motociclista como a la menor y los trasladaron al Hospital Regional de R\u00edo Blanco; el estado de salud del padre de familia es reportado como delicado debido a que registr\u00f3 fractura dispuesta de pierna derecha.<\/p>\n","protected":false},"excerpt":{"rendered":"<p>Camerino Z. Mendoza, Veracruz. (Staff Reporte272).- Con fractura expuesta de pierna derecha result\u00f3 un motociclista sobre la Calle La Raya esquina con Francisco Javier Mina, en Ciudad Mendoza, luego de que fue atropellado por una camioneta particular cuando viajaba en compa\u00f1\u00eda de su menor hija de 10 a\u00f1os de edad. El accidente se registr\u00f3 durante [&hellip;]<\/p>\n","protected":false},"author":2,"featured_media":5162,"comment_status":"open","ping_status":"open","sticky":false,"template":"","format":"standard","meta":{"rop_custom_images_group":[],"rop_custom_messages_group":[],"rop_publish_now":"initial","rop_publish_now_accounts":{"facebook_2001103103558832_108675811699976":""},"rop_publish_now_history":[],"rop_publish_now_status":"pending","footnotes":""},"categories":[9],"tags":[],"class_list":["post-5161","post","type-post","status-publish","format-standard","has-post-thumbnail","hentry","category-policiaca"],"_links":{"self":[{"href":"https:\/\/reporte272.com\/portal\/wp-json\/wp\/v2\/posts\/5161","targetHints":{"allow":["GET"]}}],"collection":[{"href":"https:\/\/reporte272.com\/portal\/wp-json\/wp\/v2\/posts"}],"about":[{"href":"https:\/\/reporte272.com\/portal\/wp-json\/wp\/v2\/types\/post"}],"author":[{"embeddable":true,"href":"https:\/\/reporte272.com\/portal\/wp-json\/wp\/v2\/users\/2"}],"replies":[{"embeddable":true,"href":"https:\/\/reporte272.com\/portal\/wp-json\/wp\/v2\/comments?post=5161"}],"version-history":[{"count":1,"href":"https:\/\/reporte272.com\/portal\/wp-json\/wp\/v2\/posts\/5161\/revisions"}],"predecessor-version":[{"id":5163,"href":"https:\/\/reporte272.com\/portal\/wp-json\/wp\/v2\/posts\/5161\/revisions\/5163"}],"wp:featuredmedia":[{"embeddable":true,"href":"https:\/\/reporte272.com\/portal\/wp-json\/wp\/v2\/media\/5162"}],"wp:attachment":[{"href":"https:\/\/reporte272.com\/portal\/wp-json\/wp\/v2\/media?parent=5161"}],"wp:term":[{"taxonomy":"category","embeddable":true,"href":"https:\/\/reporte272.com\/portal\/wp-json\/wp\/v2\/categories?post=5161"},{"taxonomy":"post_tag","embeddable":true,"href":"https:\/\/reporte272.com\/portal\/wp-json\/wp\/v2\/tags?post=5161"}],"curies":[{"name":"wp","href":"https:\/\/api.w.org\/{rel}","templated":true}]}}