{"id":5164,"date":"2025-05-11T04:18:01","date_gmt":"2025-05-11T04:18:01","guid":{"rendered":"https:\/\/reporte272.com\/portal\/?p=5164"},"modified":"2025-05-11T04:27:25","modified_gmt":"2025-05-11T04:27:25","slug":"buscan-a-familiares-de-wendy-aguilar-hernandez-de-11-anos-de-edad","status":"publish","type":"post","link":"https:\/\/reporte272.com\/portal\/buscan-a-familiares-de-wendy-aguilar-hernandez-de-11-anos-de-edad\/","title":{"rendered":"Buscan a familiares de Wendy Aguilar Hern\u00e1ndez, de 11 a\u00f1os de edad"},"content":{"rendered":"\n<p class=\"wp-block-paragraph\"><strong>San Rafael, Veracruz. <\/strong>Buscan a familiares de Wendy Aguilar Hern\u00e1ndez 11 a\u00f1os de edad que se accidento con su familia en Mentidero, municipio de San Rafael, Veracruz, dice ser de Ursulo Galv\u00e1n<\/p>\n\n\n\n<p class=\"wp-block-paragraph\">Wendy viajaba en un autom\u00f3vil blanco junto a varios miembros de su familia, provenientes de Ursulo Galv\u00e1n. En el accidente hubo personas lesionadas y lamentablemente tambi\u00e9n fallecidos. La menor se encuentra consciente y pide ayuda, pero no recuerda el n\u00famero de tel\u00e9fono de sus familiares.<\/p>\n\n\n\n<p class=\"wp-block-paragraph\">Su padre, Alejandro Aguilar, tambi\u00e9n viajaba con ella y se encuentra en estado grave.<\/p>\n\n\n\n<p class=\"wp-block-paragraph\">Por lo anterior se hace un llamado a cualquier persona que tenga informaci\u00f3n o conozca a los familiares para que se comuniquen con las autoridades correspondientes.<\/p>\n\n\n\n<p class=\"wp-block-paragraph\"><\/p>\n","protected":false},"excerpt":{"rendered":"<p>San Rafael, Veracruz. Buscan a familiares de Wendy Aguilar Hern\u00e1ndez 11 a\u00f1os de edad que se accidento con su familia en Mentidero, municipio de San Rafael, Veracruz, dice ser de Ursulo Galv\u00e1n Wendy viajaba en un autom\u00f3vil blanco junto a varios miembros de su familia, provenientes de Ursulo Galv\u00e1n. En el accidente hubo personas lesionadas [&hellip;]<\/p>\n","protected":false},"author":2,"featured_media":5167,"comment_status":"open","ping_status":"open","sticky":false,"template":"","format":"standard","meta":{"rop_custom_images_group":[],"rop_custom_messages_group":[],"rop_publish_now":"initial","rop_publish_now_accounts":{"facebook_2001103103558832_108675811699976":""},"rop_publish_now_history":[],"rop_publish_now_status":"pending","footnotes":""},"categories":[6,9],"tags":[],"class_list":["post-5164","post","type-post","status-publish","format-standard","has-post-thumbnail","hentry","category-estatal","category-policiaca"],"_links":{"self":[{"href":"https:\/\/reporte272.com\/portal\/wp-json\/wp\/v2\/posts\/5164","targetHints":{"allow":["GET"]}}],"collection":[{"href":"https:\/\/reporte272.com\/portal\/wp-json\/wp\/v2\/posts"}],"about":[{"href":"https:\/\/reporte272.com\/portal\/wp-json\/wp\/v2\/types\/post"}],"author":[{"embeddable":true,"href":"https:\/\/reporte272.com\/portal\/wp-json\/wp\/v2\/users\/2"}],"replies":[{"embeddable":true,"href":"https:\/\/reporte272.com\/portal\/wp-json\/wp\/v2\/comments?post=5164"}],"version-history":[{"count":3,"href":"https:\/\/reporte272.com\/portal\/wp-json\/wp\/v2\/posts\/5164\/revisions"}],"predecessor-version":[{"id":5170,"href":"https:\/\/reporte272.com\/portal\/wp-json\/wp\/v2\/posts\/5164\/revisions\/5170"}],"wp:featuredmedia":[{"embeddable":true,"href":"https:\/\/reporte272.com\/portal\/wp-json\/wp\/v2\/media\/5167"}],"wp:attachment":[{"href":"https:\/\/reporte272.com\/portal\/wp-json\/wp\/v2\/media?parent=5164"}],"wp:term":[{"taxonomy":"category","embeddable":true,"href":"https:\/\/reporte272.com\/portal\/wp-json\/wp\/v2\/categories?post=5164"},{"taxonomy":"post_tag","embeddable":true,"href":"https:\/\/reporte272.com\/portal\/wp-json\/wp\/v2\/tags?post=5164"}],"curies":[{"name":"wp","href":"https:\/\/api.w.org\/{rel}","templated":true}]}}