{"id":5175,"date":"2025-05-11T21:39:00","date_gmt":"2025-05-11T21:39:00","guid":{"rendered":"https:\/\/reporte272.com\/portal\/?p=5175"},"modified":"2025-05-11T21:39:01","modified_gmt":"2025-05-11T21:39:01","slug":"tono-may-visita-las-unidades-habitacionales-de-la-colonia-alvaro-obregon","status":"publish","type":"post","link":"https:\/\/reporte272.com\/portal\/tono-may-visita-las-unidades-habitacionales-de-la-colonia-alvaro-obregon\/","title":{"rendered":"To\u00f1o May Visita las Unidades Habitacionales de la Colonia \u00c1lvaro Obreg\u00f3n"},"content":{"rendered":"\n<p class=\"wp-block-paragraph\">**<strong>*Los<\/strong>\u00a0<strong>residentes<\/strong>\u00a0<strong>solicitan<\/strong>\u00a0<strong>mejoras<\/strong>\u00a0<strong>en pavimentaci\u00f3n<\/strong>, alumbrado, seguridad y\u00a0<strong>acciones<\/strong>\u00a0<strong>para<\/strong>\u00a0<strong>controlar<\/strong>\u00a0la\u00a0<strong>proliferaci\u00f3n<\/strong>\u00a0de perros callejeros<strong>*<br><br>R\u00edo<\/strong>\u00a0Blanco, Veracruz.- <strong>Durante<\/strong>\u00a0<strong>su<\/strong>\u00a0<strong>recorrido<\/strong>\u00a0<strong>por<\/strong>\u00a0las Unidades Habitacionales de San Javier y Villas de San Pablo<strong>,<\/strong>\u00a0<strong>el<\/strong>\u00a0candidato del PAN a la presidencia\u00a0<strong>municipal<\/strong>\u00a0de R\u00edo Blanco, Jos\u00e9 Antonio May Gonz\u00e1lez<strong>,<\/strong>\u00a0<strong>escuch\u00f3 las principales demandas de los vecinos. <\/strong><\/p>\n\n\n\n<p class=\"wp-block-paragraph\"><\/p>\n\n\n\n<p class=\"wp-block-paragraph\"><strong>La solicitud m\u00e1s urgente\u00a0<\/strong>es la pavimentaci\u00f3n de la entrada principal<strong>,<\/strong>\u00a0<strong>la calle\u00a0<\/strong>18 de Junio<strong>,<\/strong>\u00a0que\u00a0<strong>actualmente\u00a0<\/strong>se encuentra\u00a0<strong>en un  estado\u00a0<\/strong>intransitable<strong>.<\/strong>\u00a0<\/p>\n\n\n\n<p class=\"wp-block-paragraph\"><strong>Los<\/strong>\u00a0<strong>colonos<\/strong>\u00a0<strong>enfatizaron<\/strong>\u00a0<strong>la<\/strong>\u00a0<strong>necesidad<\/strong>\u00a0<strong>de<\/strong>\u00a0<strong>mejorar<\/strong>\u00a0<strong>la iluminaci\u00f3n en\u00a0<\/strong>las calles\u00a0<strong>y\u00a0<\/strong>de\u00a0<strong>contar<\/strong>\u00a0<strong>con<\/strong>\u00a0<strong>un mayor nivel de\u00a0<\/strong>vigilancia y seguridad<strong>. Adem\u00e1s<\/strong>,\u00a0<strong>expresaron<\/strong>\u00a0<strong>su<\/strong>\u00a0<strong>preocupaci\u00f3n<\/strong>\u00a0<strong>por<\/strong>\u00a0<strong>la<\/strong>\u00a0<strong>creciente<\/strong>\u00a0<strong>poblaci\u00f3n<\/strong>\u00a0de perros en\u00a0<strong>situaci\u00f3n<\/strong>\u00a0de calle<strong>,<\/strong>\u00a0<strong>lo<\/strong>\u00a0<strong>que<\/strong>\u00a0<strong>requiere<\/strong>\u00a0<strong>una atenci\u00f3n inmediata y eficaz. Este\u00a0<\/strong>domingo, en su recorrido<strong>,<\/strong>\u00a0<strong>tuvo<\/strong>\u00a0<strong>la<\/strong>\u00a0<strong>oportunidad<\/strong>\u00a0de\u00a0<strong>interactuar<\/strong>\u00a0<strong>con<\/strong>\u00a0los\u00a0<strong>residentes<\/strong>\u00a0de las Unidades Habitacionales de San Javier y Villas de San Pablo<strong>.<\/strong>\u00a0<strong>Durante<\/strong>\u00a0su\u00a0<strong>visita, salud\u00f3 a los vecinos de mano y escuch\u00f3 atentamente sus inquietudes, las cuales incluyeron una\u00a0<\/strong>preocupaci\u00f3n\u00a0<strong>significativa\u00a0<\/strong>por la\u00a0<strong>problem\u00e1tica de la\u00a0<\/strong>contaminaci\u00f3n\u00a0<strong>ocasionada\u00a0<\/strong>por\u00a0<strong>las\u00a0<\/strong>heces de animales que\u00a0<strong>vagan<\/strong>\u00a0en\u00a0<strong>las<\/strong>\u00a0<strong>calles. <\/strong><\/p>\n\n\n\n<p class=\"wp-block-paragraph\"><strong>Los habitantes\u00a0<\/strong>de\u00a0<strong>la<\/strong>\u00a0<strong>zona<\/strong>\u00a0<strong>han<\/strong>\u00a0<strong>expresado<\/strong>\u00a0<strong>su<\/strong>\u00a0<strong>descontento, afirmando\u00a0<\/strong>que la\u00a0<strong>administraci\u00f3n\u00a0<\/strong>actual\u00a0<strong>solo<\/strong>\u00a0<strong>ha<\/strong>\u00a0<strong>llevado<\/strong>\u00a0<strong>a cabo la reparaci\u00f3n de\u00a0<\/strong>una calle\u00a0<strong>menor\u00a0<\/strong>en la entrada principal,\u00a0<strong>a<\/strong>\u00a0<strong>pesar de que\u00a0<\/strong>toda la\u00a0<strong>red<\/strong>\u00a0<strong>vial<\/strong>\u00a0<strong>presenta<\/strong>\u00a0<strong>condiciones<\/strong>\u00a0<strong>deplorables<\/strong>.\u00a0<strong>La<\/strong>\u00a0<strong>totalidad<\/strong>\u00a0<strong>de\u00a0<\/strong>la calle 18 de junio,\u00a0<strong>que abarca\u00a0<\/strong>desde Camino Nacional hasta Villas de San Pablo<strong>,<\/strong>\u00a0<strong>se<\/strong>\u00a0<strong>encuentra<\/strong>\u00a0<strong>en<\/strong>\u00a0<strong>condiciones<\/strong>\u00a0<strong>deplorables.<\/strong>\u00a0<strong>Presenta<\/strong>\u00a0<strong>baches<\/strong>\u00a0<strong>en<\/strong>\u00a0<strong>m\u00faltiples<\/strong>\u00a0<strong>lugares<\/strong>\u00a0<strong>y<\/strong>\u00a0<strong>los reductores de velocidad est\u00e1n\u00a0<\/strong>mal\u00a0<strong>construidos<\/strong>,\u00a0<strong>lo<\/strong>\u00a0<strong>que<\/strong>\u00a0<strong>hace<\/strong>\u00a0<strong>casi<\/strong>\u00a0<strong>imposible circular\u00a0<\/strong>por\u00a0<strong>esa<\/strong>\u00a0<strong>v\u00eda.<\/strong>\u00a0<strong>Los<\/strong>\u00a0<strong>residentes<\/strong>\u00a0<strong>expresaron<\/strong>\u00a0<strong>su<\/strong>\u00a0<strong>frustraci\u00f3n<\/strong>\u00a0<strong>al<\/strong>\u00a0<strong>afirmar: &#8220;Cuando llueve, las calles se inundan,\u00a0<\/strong>los\u00a0<strong>veh\u00edculos<\/strong>\u00a0<strong>caen\u00a0<\/strong>en\u00a0<strong>los<\/strong>\u00a0<strong>baches<\/strong>\u00a0y nadie\u00a0<strong>toma<\/strong>\u00a0<strong>responsabilidad.<\/strong>\u00a0<\/p>\n\n\n\n<p class=\"wp-block-paragraph\"><strong>El<\/strong>\u00a0municipio\u00a0<strong>permanece<\/strong>\u00a0<strong>inactivo.<\/strong>\u00a0<strong>Necesitamos<\/strong>\u00a0un cambio,\u00a0<strong>es<\/strong>\u00a0<strong>urgente;<\/strong>\u00a0no\u00a0<strong>podemos<\/strong>\u00a0seguir viviendo\u00a0<strong>de<\/strong>\u00a0<strong>esta<\/strong>\u00a0<strong>manera<\/strong>.<strong>&#8220;<\/strong>\u00a0El\u00a0<strong>representante<\/strong>\u00a0<strong>del partido\u00a0<\/strong>albiazul\u00a0<strong>afirm\u00f3<\/strong>\u00a0que\u00a0<strong>se<\/strong>\u00a0<strong>dedicar\u00e1<\/strong>\u00a0<strong>arduamente<\/strong>\u00a0<strong>a<\/strong>\u00a0<strong>desarrollar\u00a0<\/strong>un plan integral\u00a0<strong>que<\/strong>\u00a0<strong>permita<\/strong>\u00a0pavimentar y\u00a0<strong>mejorar<\/strong>\u00a0todos los servicios de esta\u00a0<strong>crucial<\/strong>\u00a0v\u00eda de comunicaci\u00f3n,\u00a0<strong>dado<\/strong>\u00a0que\u00a0<strong>constituye<\/strong>\u00a0la entrada principal\u00a0<strong>para<\/strong>\u00a0<strong>por<\/strong>\u00a0<strong>lo\u00a0<\/strong>menos\u00a0<strong>seis<\/strong>\u00a0<strong>conjuntos<\/strong>\u00a0habitacionales. Las quejas\u00a0<strong>dirigidas\u00a0<\/strong>a To\u00f1o May\u00a0<strong>han<\/strong>\u00a0<strong>aumentado<\/strong>\u00a0<strong>considerablemente,<\/strong>\u00a0<strong>evidenciando<\/strong>\u00a0un\u00a0<strong>notable<\/strong>\u00a0<strong>descuido<\/strong>\u00a0<strong>por<\/strong>\u00a0parte de las autoridades municipales\u00a0<strong>actuales.<\/strong>\u00a0<strong>Los<\/strong>\u00a0<strong>ciudadanos<\/strong>\u00a0<strong>manifiestan<\/strong>\u00a0<strong>su<\/strong>\u00a0<strong>descontento ante la falta de\u00a0<\/strong>mantenimiento y limpieza\u00a0<strong>en<\/strong>\u00a0<strong>el\u00a0<\/strong>alumbrado p\u00fablico,\u00a0<strong>as\u00ed<\/strong>\u00a0<strong>como<\/strong>\u00a0<strong>en<\/strong>\u00a0<strong>los\u00a0<\/strong>espacios\u00a0<strong>verdes<\/strong>\u00a0<strong>y<\/strong>\u00a0<strong>recreativos\u00a0<\/strong>de las\u00a0<strong>diferentes<\/strong>\u00a0unidades.\u00a0<strong>La<\/strong>\u00a0<strong>comunidad<\/strong>\u00a0<strong>se<\/strong>\u00a0<strong>encuentra en una situaci\u00f3n alarmante: carecemos de\u00a0<\/strong>alumbrado<strong>\u00a0p\u00fablico<\/strong>, las\u00a0<strong>zonas<\/strong>\u00a0verdes est\u00e1n\u00a0<strong>cubiertas<\/strong>\u00a0de maleza\u00a0<strong>y<\/strong>\u00a0<strong>sentimos<\/strong>\u00a0<strong>que<\/strong>\u00a0<strong>hemos<\/strong>\u00a0<strong>sido<\/strong>\u00a0<strong>abandonados. A pesar de esto, las autoridades municipales\u00a0<\/strong>nos\u00a0<strong>clasifican<\/strong>\u00a0<strong>como<\/strong>\u00a0fraccionamientos privados<strong>. Sin embargo<\/strong>,\u00a0<strong>es inconcebible que se nos considere\u00a0<\/strong>como\u00a0<strong>tal,<\/strong>\u00a0<strong>dado<\/strong>\u00a0<strong>que<\/strong>\u00a0<strong>cumplimos<\/strong>\u00a0<strong>con<\/strong>\u00a0<strong>nuestras<\/strong>\u00a0<strong>obligaciones, como el pago del\u00a0<\/strong>agua,\u00a0<strong>el impuesto\u00a0<\/strong>predial\u00a0<strong>y el\u00a0<\/strong>servicio de\u00a0<strong>recolecci\u00f3n de\u00a0<\/strong>basura<strong>,<\/strong>\u00a0<strong>todos<\/strong>\u00a0<strong>realizados<\/strong>\u00a0en el Palacio Municipal de\u00a0<strong>R\u00edo<\/strong>\u00a0Blanco.\u00a0<strong>Los<\/strong>\u00a0<strong>vecinos<\/strong>\u00a0<strong>descontentos expresaron su frustraci\u00f3n<\/strong>,\u00a0<strong>afirmando<\/strong>\u00a0<strong>que<\/strong>\u00a0<strong>solo<\/strong>\u00a0<strong>ofrecen<\/strong>\u00a0<strong>excusas.<\/strong>\u00a0<strong>Seg\u00fan ellos, afirman que\u00a0<\/strong>no tienen tiempo ni\u00a0<strong>recursos<\/strong>\u00a0para\u00a0<strong>ayudar<\/strong>\u00a0<strong>a<\/strong>\u00a0<strong>la comunidad<\/strong>,\u00a0<strong>sin<\/strong>\u00a0<strong>embargo,<\/strong>\u00a0<strong>son<\/strong>\u00a0<strong>r\u00e1pidos para cobrar<\/strong>,\u00a0<strong>ya<\/strong>\u00a0<strong>que<\/strong>\u00a0<strong>todo<\/strong>\u00a0<strong>tiene un costo<\/strong>.\u00a0<strong>Una<\/strong>\u00a0de las\u00a0<strong>dificultades<\/strong>\u00a0que\u00a0<strong>tienen<\/strong>\u00a0<strong>que afrontar\u00a0<\/strong>los\u00a0<strong>residentes<\/strong>\u00a0<strong>de<\/strong>\u00a0<strong>R\u00edo Blanco\u00a0<\/strong>es la\u00a0<strong>abundancia<\/strong>\u00a0de perros\u00a0<strong>vagabundos<\/strong>, los cuales\u00a0<strong>contribuyen<\/strong>\u00a0<strong>significativamente<\/strong>\u00a0<strong>a<\/strong>\u00a0<strong>la\u00a0<\/strong>contaminaci\u00f3n\u00a0<strong>ambiental\u00a0<\/strong>con sus\u00a0<strong>excrementos<\/strong>. To\u00f1o May\u00a0<strong>ha<\/strong>\u00a0<strong>tomado<\/strong>\u00a0<strong>el<\/strong>\u00a0<strong>compromiso<\/strong>\u00a0<strong>de<\/strong>\u00a0<strong>abordar<\/strong>\u00a0<strong>este<\/strong>\u00a0<strong>problema<\/strong>\u00a0<strong>que<\/strong>\u00a0<strong>afecta<\/strong>\u00a0<strong>a<\/strong>\u00a0todo el municipio\u00a0<strong>mediante<\/strong>\u00a0la reactivaci\u00f3n del albergue municipal,\u00a0<strong>el<\/strong>\u00a0<strong>cual<\/strong>\u00a0<strong>carece<\/strong>\u00a0<strong>de<\/strong>\u00a0una operaci\u00f3n\u00a0<strong>adecuada. Adem\u00e1s<\/strong>,\u00a0<strong>se<\/strong>\u00a0<strong>llevar\u00e1n<\/strong>\u00a0<strong>a<\/strong>\u00a0<strong>cabo<\/strong>\u00a0campa\u00f1as de esterilizaci\u00f3n en todas\u00a0<strong>las<\/strong>\u00a0<strong>colonias<\/strong>\u00a0<strong>del<\/strong>\u00a0<strong>municipio.<\/strong>\u00a0<strong>La<\/strong>\u00a0<strong>situaci\u00f3n<\/strong>\u00a0<strong>que<\/strong>\u00a0<strong>enfrentamos<\/strong>\u00a0<strong>es<\/strong>\u00a0<strong>sumamente<\/strong>\u00a0<strong>complicada.<\/strong>\u00a0<strong>Es<\/strong>\u00a0<strong>imperativo\u00a0<\/strong>que\u00a0<strong>brindemos<\/strong>\u00a0<strong>asistencia<\/strong>\u00a0a esos\u00a0<strong>animales<\/strong>,\u00a0<strong>traslad\u00e1ndolos<\/strong>\u00a0<strong>a<\/strong>\u00a0<strong>refugios<\/strong>\u00a0y\u00a0<strong>realizando<\/strong>\u00a0un censo<strong>.<\/strong>\u00a0<strong>Esto<\/strong>\u00a0<strong>se debe a que,\u00a0<\/strong>cuando un perro\u00a0<strong>realiza<\/strong>\u00a0sus necesidades en la\u00a0<strong>calle,<\/strong>\u00a0<strong>se<\/strong>\u00a0<strong>considera que\u00a0<\/strong>no tiene due\u00f1o<strong>. Sin embargo<\/strong>, cuando\u00a0<strong>ocurre<\/strong>\u00a0<strong>un<\/strong>\u00a0<strong>acto<\/strong>\u00a0<strong>de<\/strong>\u00a0<strong>violencia<\/strong>\u00a0<strong>hacia ellos<\/strong>,\u00a0<strong>aparecen<\/strong>\u00a0<strong>repentinamente<\/strong>\u00a0<strong>numerosos<\/strong>\u00a0<strong>&#8220;<\/strong>due\u00f1os<strong>&#8220;<\/strong>.\u00a0<strong>Es<\/strong>\u00a0<strong>necesario<\/strong>\u00a0que\u00a0<strong>revitalicemos<\/strong>\u00a0<strong>el<\/strong>\u00a0<strong>refugio<\/strong>\u00a0<strong>de animales\u00a0<\/strong>que\u00a0<strong>poseemos,<\/strong>\u00a0<strong>ya<\/strong>\u00a0que\u00a0<strong>actualmente<\/strong>\u00a0<strong>se<\/strong>\u00a0<strong>encuentra<\/strong>\u00a0<strong>en un estado de obsolescencia y\u00a0<\/strong>no\u00a0<strong>opera<\/strong>\u00a0<strong>de<\/strong>\u00a0<strong>la manera adecuada<\/strong>.\u00a0<strong>Jos\u00e9<\/strong>\u00a0<strong>Antonio<\/strong>\u00a0<strong>May<\/strong>\u00a0<strong>Gonz\u00e1lez,<\/strong>\u00a0<strong>el<\/strong>\u00a0<strong>aspirante<\/strong>\u00a0<strong>a<\/strong>\u00a0la presidencia municipal de R\u00edo Blanco\u00a0<strong>por<\/strong>\u00a0<strong>el<\/strong>\u00a0<strong>Partido<\/strong>\u00a0<strong>Acci\u00f3n<\/strong>\u00a0<strong>Nacional,<\/strong>\u00a0<strong>llev\u00f3<\/strong>\u00a0<strong>a<\/strong>\u00a0<strong>cabo un encuentro\u00a0<\/strong>con\u00a0<strong>los<\/strong>\u00a0<strong>residentes\u00a0<\/strong>en las canchas multifuncionales de la Unidad Habitacional Villas de San Pablo<strong>.<\/strong>\u00a0<strong>Durante<\/strong>\u00a0<strong>esta<\/strong>\u00a0<strong>reuni\u00f3n,<\/strong>\u00a0<strong>present\u00f3<\/strong>\u00a0<strong>algunas\u00a0<\/strong>de sus\u00a0<strong>iniciativas<\/strong>\u00a0<strong>m\u00e1s<\/strong>\u00a0<strong>destacadas,<\/strong>\u00a0<strong>capturando\u00a0<\/strong>la\u00a0<strong>atenci\u00f3n<\/strong>\u00a0<strong>de<\/strong>\u00a0<strong>los<\/strong>\u00a0<strong>asistentes,<\/strong>\u00a0<strong>quienes<\/strong>\u00a0<strong>mostraron<\/strong>\u00a0<strong>un<\/strong>\u00a0<strong>s\u00f3lido<\/strong>\u00a0<strong>apoyo<\/strong>\u00a0<strong>hacia<\/strong>\u00a0su\u00a0<strong>candidatura.<\/strong><\/p>\n\n\n\n<p class=\"wp-block-paragraph\"><br><\/p>\n","protected":false},"excerpt":{"rendered":"<p>***Los\u00a0residentes\u00a0solicitan\u00a0mejoras\u00a0en pavimentaci\u00f3n, alumbrado, seguridad y\u00a0acciones\u00a0para\u00a0controlar\u00a0la\u00a0proliferaci\u00f3n\u00a0de perros callejeros* R\u00edo\u00a0Blanco, Veracruz.- Durante\u00a0su\u00a0recorrido\u00a0por\u00a0las Unidades Habitacionales de San Javier y Villas de San Pablo,\u00a0el\u00a0candidato del PAN a la presidencia\u00a0municipal\u00a0de R\u00edo Blanco, Jos\u00e9 Antonio May Gonz\u00e1lez,\u00a0escuch\u00f3 las principales demandas de los vecinos. La solicitud m\u00e1s urgente\u00a0es la pavimentaci\u00f3n de la entrada principal,\u00a0la calle\u00a018 de Junio,\u00a0que\u00a0actualmente\u00a0se encuentra\u00a0en un estado\u00a0intransitable.\u00a0 Los\u00a0colonos\u00a0enfatizaron\u00a0la\u00a0necesidad\u00a0de\u00a0mejorar\u00a0la iluminaci\u00f3n [&hellip;]<\/p>\n","protected":false},"author":2,"featured_media":5176,"comment_status":"open","ping_status":"open","sticky":false,"template":"","format":"standard","meta":{"rop_custom_images_group":[],"rop_custom_messages_group":[],"rop_publish_now":"initial","rop_publish_now_accounts":{"facebook_2001103103558832_108675811699976":""},"rop_publish_now_history":[],"rop_publish_now_status":"pending","footnotes":""},"categories":[5],"tags":[],"class_list":["post-5175","post","type-post","status-publish","format-standard","has-post-thumbnail","hentry","category-local"],"_links":{"self":[{"href":"https:\/\/reporte272.com\/portal\/wp-json\/wp\/v2\/posts\/5175","targetHints":{"allow":["GET"]}}],"collection":[{"href":"https:\/\/reporte272.com\/portal\/wp-json\/wp\/v2\/posts"}],"about":[{"href":"https:\/\/reporte272.com\/portal\/wp-json\/wp\/v2\/types\/post"}],"author":[{"embeddable":true,"href":"https:\/\/reporte272.com\/portal\/wp-json\/wp\/v2\/users\/2"}],"replies":[{"embeddable":true,"href":"https:\/\/reporte272.com\/portal\/wp-json\/wp\/v2\/comments?post=5175"}],"version-history":[{"count":1,"href":"https:\/\/reporte272.com\/portal\/wp-json\/wp\/v2\/posts\/5175\/revisions"}],"predecessor-version":[{"id":5177,"href":"https:\/\/reporte272.com\/portal\/wp-json\/wp\/v2\/posts\/5175\/revisions\/5177"}],"wp:featuredmedia":[{"embeddable":true,"href":"https:\/\/reporte272.com\/portal\/wp-json\/wp\/v2\/media\/5176"}],"wp:attachment":[{"href":"https:\/\/reporte272.com\/portal\/wp-json\/wp\/v2\/media?parent=5175"}],"wp:term":[{"taxonomy":"category","embeddable":true,"href":"https:\/\/reporte272.com\/portal\/wp-json\/wp\/v2\/categories?post=5175"},{"taxonomy":"post_tag","embeddable":true,"href":"https:\/\/reporte272.com\/portal\/wp-json\/wp\/v2\/tags?post=5175"}],"curies":[{"name":"wp","href":"https:\/\/api.w.org\/{rel}","templated":true}]}}