{"id":5191,"date":"2025-05-14T04:41:20","date_gmt":"2025-05-14T04:41:20","guid":{"rendered":"https:\/\/reporte272.com\/portal\/?p=5191"},"modified":"2025-05-14T04:41:21","modified_gmt":"2025-05-14T04:41:21","slug":"localizan-sin-vid4-a-balconero-en-orizaba","status":"publish","type":"post","link":"https:\/\/reporte272.com\/portal\/localizan-sin-vid4-a-balconero-en-orizaba\/","title":{"rendered":"Localizan sin vid4 a balconero, en Orizaba"},"content":{"rendered":"\n<p class=\"wp-block-paragraph\"><strong>Orizaba, Veracruz. (Staff Reporte272).<\/strong>&#8211; Una inmediata movilizaci\u00f3n de cuerpos policiales y de autoridades de la Fiscal\u00eda de Orizaba, gener\u00f3 el hallazgo de un balconero sin vid4, en avanzado estado de descomposici\u00f3n al interior de su domicilio en la Colonia Francisco Ferrer Guardia.<\/p>\n\n\n\n<p class=\"wp-block-paragraph\">El herrero de 74 a\u00f1os y con domicilio conocido sobre la calle Sur 15 de la colonia antes se\u00f1alada, en vida se llamo: Alfonso X. T.<\/p>\n\n\n\n<p class=\"wp-block-paragraph\">Durante la madrugada de este martes ciudadanos orizabe\u00f1os alertaron a las autoridades a trav\u00e9s de la l\u00ednea de emergencias sobre la presencia de intensos olores f\u00e9tidos que emanaban de un domicilio particular marcado con el numero 1A de la vialidad antes mencionada.<\/p>\n\n\n\n<p class=\"wp-block-paragraph\">El lugar fue resguardado y acordonado con cinta amarilla por las autoridades policiales, de acuerdo al protocolo de cadena de custodia.<\/p>\n\n\n\n<p class=\"wp-block-paragraph\">Fue el personal de la Fiscal\u00eda de Orizaba con Peritos en Criminal\u00edstica y detectives de la Polic\u00eda Ministerial, qui\u00e9nes tomaron conocimiento y realizaron el levantamiento del cu3rpo, no sin antes realizar las diligencias correspondientes e iniciar una carpeta de investigaci\u00f3n.<\/p>\n","protected":false},"excerpt":{"rendered":"<p>Orizaba, Veracruz. (Staff Reporte272).&#8211; Una inmediata movilizaci\u00f3n de cuerpos policiales y de autoridades de la Fiscal\u00eda de Orizaba, gener\u00f3 el hallazgo de un balconero sin vid4, en avanzado estado de descomposici\u00f3n al interior de su domicilio en la Colonia Francisco Ferrer Guardia. El herrero de 74 a\u00f1os y con domicilio conocido sobre la calle Sur [&hellip;]<\/p>\n","protected":false},"author":2,"featured_media":5192,"comment_status":"open","ping_status":"open","sticky":false,"template":"","format":"standard","meta":{"rop_custom_images_group":[],"rop_custom_messages_group":[],"rop_publish_now":"initial","rop_publish_now_accounts":{"facebook_2001103103558832_108675811699976":""},"rop_publish_now_history":[],"rop_publish_now_status":"pending","footnotes":""},"categories":[9],"tags":[],"class_list":["post-5191","post","type-post","status-publish","format-standard","has-post-thumbnail","hentry","category-policiaca"],"_links":{"self":[{"href":"https:\/\/reporte272.com\/portal\/wp-json\/wp\/v2\/posts\/5191","targetHints":{"allow":["GET"]}}],"collection":[{"href":"https:\/\/reporte272.com\/portal\/wp-json\/wp\/v2\/posts"}],"about":[{"href":"https:\/\/reporte272.com\/portal\/wp-json\/wp\/v2\/types\/post"}],"author":[{"embeddable":true,"href":"https:\/\/reporte272.com\/portal\/wp-json\/wp\/v2\/users\/2"}],"replies":[{"embeddable":true,"href":"https:\/\/reporte272.com\/portal\/wp-json\/wp\/v2\/comments?post=5191"}],"version-history":[{"count":1,"href":"https:\/\/reporte272.com\/portal\/wp-json\/wp\/v2\/posts\/5191\/revisions"}],"predecessor-version":[{"id":5193,"href":"https:\/\/reporte272.com\/portal\/wp-json\/wp\/v2\/posts\/5191\/revisions\/5193"}],"wp:featuredmedia":[{"embeddable":true,"href":"https:\/\/reporte272.com\/portal\/wp-json\/wp\/v2\/media\/5192"}],"wp:attachment":[{"href":"https:\/\/reporte272.com\/portal\/wp-json\/wp\/v2\/media?parent=5191"}],"wp:term":[{"taxonomy":"category","embeddable":true,"href":"https:\/\/reporte272.com\/portal\/wp-json\/wp\/v2\/categories?post=5191"},{"taxonomy":"post_tag","embeddable":true,"href":"https:\/\/reporte272.com\/portal\/wp-json\/wp\/v2\/tags?post=5191"}],"curies":[{"name":"wp","href":"https:\/\/api.w.org\/{rel}","templated":true}]}}