{"id":9182,"date":"2026-09-03T04:19:00","date_gmt":"2026-09-03T04:19:00","guid":{"rendered":"https:\/\/reporte272.com\/portal\/?p=9182"},"modified":"2026-09-03T04:19:01","modified_gmt":"2026-09-03T04:19:01","slug":"segundo-dia-de-paro-en-medicina-estudiantes-exigen-respuestas-y-dialogo-directo-con-rectoria","status":"publish","type":"post","link":"https:\/\/reporte272.com\/portal\/segundo-dia-de-paro-en-medicina-estudiantes-exigen-respuestas-y-dialogo-directo-con-rectoria\/","title":{"rendered":"Segundo d\u00eda de paro en Medicina: estudiantes exigen respuestas y di\u00e1logo directo con Rector\u00eda"},"content":{"rendered":"\n<p class=\"wp-block-paragraph\"><strong>Ciudad Mendoza , Ver.-<\/strong> La inconformidad estudiantil en la <strong>Facultad de Medicina<\/strong> contin\u00faa creciendo; por segundo d\u00eda consecutivo, alumnos mantienen suspendidas las actividades acad\u00e9micas como medida de presi\u00f3n para exigir atenci\u00f3n a un pliego petitorio en el que plantean diversas necesidades relacionadas con la calidad educativa y las condiciones del plantel.<\/p>\n\n\n\n<p class=\"wp-block-paragraph\">Los estudiantes se\u00f1alaron que la protesta surge ante la falta de respuestas concretas por parte de las autoridades universitarias, luego de que sus demandas fueran presentadas previamente sin obtener, hasta el momento, una soluci\u00f3n de fondo a las problem\u00e1ticas que enfrentan.<br>Sarah\u00ed Anaya, consejera estudiantil y alumna de la Facultad de Medicina, inform\u00f3 que algunos j\u00f3venes han decidido permanecer durante la noche dentro de las instalaciones para mantener vigente el movimiento y dar seguimiento a las posibles negociaciones.<br>\u201cSolamente pedimos recursos para tener una educaci\u00f3n de calidad\u201d, expres\u00f3 la representante estudiantil, al destacar que las solicitudes planteadas forman parte de necesidades que han sido se\u00f1aladas desde hace tiempo y no corresponden a peticiones recientes o improvisadas.<br>Explic\u00f3 que el pliego contempla distintos puntos enfocados en mejorar las condiciones acad\u00e9micas, infraestructura y funcionamiento de la facultad, adem\u00e1s de incluir la solicitud de cambios dentro de la estructura directiva, una de las exigencias que, afirm\u00f3, permanece firme entre la comunidad estudiantil.<br>Los alumnos indicaron que decidieron llegar al paro ante la falta de apertura para establecer acuerdos claros, aunque reiteraron que mantienen disposici\u00f3n para instalar una mesa de di\u00e1logo con las autoridades universitarias.<br>Entre sus principales demandas se encuentra la participaci\u00f3n directa del rector de la Universidad Veracruzana en las negociaciones, al considerar que su intervenci\u00f3n podr\u00eda facilitar una soluci\u00f3n definitiva al conflicto.<br>Los estudiantes advirtieron que el movimiento podr\u00eda mantenerse por tiempo indefinido hasta que exista una mesa formal de di\u00e1logo y compromisos establecidos por escrito que garanticen el cumplimiento de los acuerdos alcanzados<br>De acuerdo con los inconformes, alrededor de 700 estudiantes integran la comunidad de la Facultad de Medicina. Aseguraron que la suspensi\u00f3n de actividades no tiene como objetivo afectar su formaci\u00f3n profesional, sino visibilizar las condiciones que actualmente enfrenta la instituci\u00f3n.<br>Asimismo, aclararon que la protesta est\u00e1 enfocada exclusivamente en las necesidades de la Facultad de Medicina, aunque reconocieron que alumnos de otros programas educativos tienen derecho a organizarse y expresar sus propias inquietudes.<br>Mientras esperan una postura oficial de la Rector\u00eda, los estudiantes mantienen tomadas las instalaciones y reiteran que continuar\u00e1n abiertos al di\u00e1logo, pero esperan que sean las autoridades quienes se acerquen para construir una soluci\u00f3n que permita atender sus demandas y retomar las actividades acad\u00e9micas.<\/p>\n","protected":false},"excerpt":{"rendered":"<p>Ciudad Mendoza , Ver.- La inconformidad estudiantil en la Facultad de Medicina contin\u00faa creciendo; por segundo d\u00eda consecutivo, alumnos mantienen suspendidas las actividades acad\u00e9micas como medida de presi\u00f3n para exigir atenci\u00f3n a un pliego petitorio en el que plantean diversas necesidades relacionadas con la calidad educativa y las condiciones del plantel. Los estudiantes se\u00f1alaron que [&hellip;]<\/p>\n","protected":false},"author":2,"featured_media":9183,"comment_status":"open","ping_status":"open","sticky":false,"template":"","format":"standard","meta":{"rop_custom_images_group":[],"rop_custom_messages_group":[],"rop_publish_now":"no","rop_publish_now_accounts":{"facebook_2001103103558832_108675811699976":""},"rop_publish_now_history":[{"account":"facebook_2001103103558832_108675811699976","service":"facebook","timestamp":1788409151,"status":"error"}],"rop_publish_now_status":"done","footnotes":""},"categories":[6,5,7,10],"tags":[],"class_list":["post-9182","post","type-post","status-publish","format-standard","has-post-thumbnail","hentry","category-estatal","category-local","category-nacional","category-portada"],"_links":{"self":[{"href":"https:\/\/reporte272.com\/portal\/wp-json\/wp\/v2\/posts\/9182","targetHints":{"allow":["GET"]}}],"collection":[{"href":"https:\/\/reporte272.com\/portal\/wp-json\/wp\/v2\/posts"}],"about":[{"href":"https:\/\/reporte272.com\/portal\/wp-json\/wp\/v2\/types\/post"}],"author":[{"embeddable":true,"href":"https:\/\/reporte272.com\/portal\/wp-json\/wp\/v2\/users\/2"}],"replies":[{"embeddable":true,"href":"https:\/\/reporte272.com\/portal\/wp-json\/wp\/v2\/comments?post=9182"}],"version-history":[{"count":1,"href":"https:\/\/reporte272.com\/portal\/wp-json\/wp\/v2\/posts\/9182\/revisions"}],"predecessor-version":[{"id":9184,"href":"https:\/\/reporte272.com\/portal\/wp-json\/wp\/v2\/posts\/9182\/revisions\/9184"}],"wp:featuredmedia":[{"embeddable":true,"href":"https:\/\/reporte272.com\/portal\/wp-json\/wp\/v2\/media\/9183"}],"wp:attachment":[{"href":"https:\/\/reporte272.com\/portal\/wp-json\/wp\/v2\/media?parent=9182"}],"wp:term":[{"taxonomy":"category","embeddable":true,"href":"https:\/\/reporte272.com\/portal\/wp-json\/wp\/v2\/categories?post=9182"},{"taxonomy":"post_tag","embeddable":true,"href":"https:\/\/reporte272.com\/portal\/wp-json\/wp\/v2\/tags?post=9182"}],"curies":[{"name":"wp","href":"https:\/\/api.w.org\/{rel}","templated":true}]}}